{"id":5841,"date":"2022-11-23T07:17:21","date_gmt":"2022-11-23T12:17:21","guid":{"rendered":"https:\/\/www.birds.cornell.edu\/latam\/?p=5841"},"modified":"2023-09-27T12:29:36","modified_gmt":"2023-09-27T17:29:36","slug":"alas-libres","status":"publish","type":"post","link":"https:\/\/www.birds.cornell.edu\/latam\/alas-libres\/","title":{"rendered":"Alas Libres"},"content":{"rendered":"\n<p>Parecido a las aves, los ni\u00f1os de la comunidad El Mangal, en Veracruz, M\u00e9xico, \u00a1tienen mucha vida y energ\u00eda! En vez de volar como las aves, los j\u00f3venes de la telesecundaria <strong>Luis Donaldo Colosio Murrieta<\/strong> usaron su energ\u00eda para aprender y contribuir en un programa acerca de las aves de su comunidad. Los j\u00f3venes aprendieron de las aves en talleres cautivadores en los cuales dibujaron, realizaron diversos proyectos y se conocieron mejor entre ellos. \u00a1Se aprendi\u00f3 much\u00edsimo! El programa fue dirigido por la bi\u00f3loga <strong>Ivette Casas<\/strong> la coordinadora de <a href=\"http:\/\/www.alaslibres.co\">Alas Libres<\/a>-Pauminatitl\u00e1n, quienes ganaron una mini-beca del<a href=\"https:\/\/www.birds.cornell.edu\/home\/\" data-type=\"URL\" data-id=\"https:\/\/www.birds.cornell.edu\/home\/\"> Laboratorio de Ornitolog\u00eda de la Universidad de Cornell<\/a> para organizaciones y grupos latinoamericanos y de El Caribe. Durante el primer mes del programa, no solo aprendieron de sus aves locales; sino tambi\u00e9n, realizaron talleres art\u00edsticos, expresando su creatividad y explorando varios de los temas aprendidos acerca de las aves.&nbsp;Los j\u00f3venes tambi\u00e9n participaron en divertidos talleres de arte expresando su creatividad a trav\u00e9s de la m\u00fasica y otras formas de arte en el contexto de las aves y la naturaleza, y crearon un hermoso mural para su escuela con artistas locales de la <a href=\"https:\/\/fundacionarbesulago.org\" data-type=\"URL\" data-id=\"https:\/\/fundacionarbesulago.org\">Fundaci\u00f3n Arbes\u00fa Lago<\/a>.<\/p>\n\n\n\n<figure class=\"wp-block-image size-full\"><img decoding=\"async\" width=\"1280\" height=\"720\" data-src=\"https:\/\/www.birds.cornell.edu\/latam\/wp-content\/uploads\/2023\/01\/thumbnail_IMG_9232.jpg\" alt=\"\" class=\"wp-image-9244 lazyload\" data-srcset=\"https:\/\/www.birds.cornell.edu\/latam\/wp-content\/uploads\/2023\/01\/thumbnail_IMG_9232.jpg 1280w, https:\/\/www.birds.cornell.edu\/latam\/wp-content\/uploads\/2023\/01\/thumbnail_IMG_9232-720x405.jpg 720w, https:\/\/www.birds.cornell.edu\/latam\/wp-content\/uploads\/2023\/01\/thumbnail_IMG_9232-768x432.jpg 768w, https:\/\/www.birds.cornell.edu\/latam\/wp-content\/uploads\/2023\/01\/thumbnail_IMG_9232-480x270.jpg 480w\" data-sizes=\"(max-width: 1280px) 100vw, 1280px\" src=\"data:image\/svg+xml;base64,PHN2ZyB3aWR0aD0iMSIgaGVpZ2h0PSIxIiB4bWxucz0iaHR0cDovL3d3dy53My5vcmcvMjAwMC9zdmciPjwvc3ZnPg==\" style=\"--smush-placeholder-width: 1280px; --smush-placeholder-aspect-ratio: 1280\/720;\" \/><figcaption class=\"wp-element-caption\">Fotos son cortes\u00eda de Alas Libres.<\/figcaption><\/figure>\n\n\n\n<h2 class=\"wp-block-heading\"><strong>\u00a1Se aprendi\u00f3 mucho y no solo de las aves!<\/strong><\/h2>\n\n\n\n<p>Los ni\u00f1os aprendieron mucho acerca de la biolog\u00eda de las aves. Estaban sorprendidos al enterarse de que las aves eran parientes cercanos a los dinosaurios.&nbsp;<\/p>\n\n\n\n<p><em>Daniela (14 a\u00f1os) dijo<\/em>: \u201c<em>las aves al nacer parecen m\u00e1s dinosaurios, entonces las gallinas de nuestras casas son dinosaurios (risas).<\/em>\u201d \u00a1Correcto Daniela!&nbsp;<\/p>\n\n\n\n<p>Adem\u00e1s, los j\u00f3venes participaron en un juego que se llama \u201cPonle las partes al ave\u201d en vez de \u201cPonle la cola al burro\u201d, para repasar los nombres y ubicaciones de las partes del cuerpo de las aves. Lo \u00fanico es que, \u00a1ten\u00edan los ojos vendados! Por lo que no bastaba saber. Hab\u00eda que orientarse a ciegas para encontrar d\u00f3nde poner la parte al ave.&nbsp;&nbsp;<\/p>\n\n\n\n<div class=\"wp-block-columns is-layout-flex wp-container-core-columns-is-layout-9d6595d7 wp-block-columns-is-layout-flex\">\n<div class=\"wp-block-column is-vertically-aligned-top is-layout-flow wp-block-column-is-layout-flow\">\n<p>Tambi\u00e9n aprendieron&nbsp; acerca de los h\u00e1bitats de las aves, su importancia en los ecosistemas y los desaf\u00edos a los que las aves se enfrentan. Los participantes escogieron su ave preferida y describiron en detalle su h\u00e1bitat y su importancia. Despu\u00e9s de esta actividad, los j\u00f3venes observaron aves desde sus hogares y anotaron sus caracter\u00edsticas m\u00e1s distintivas. \u00a1A limpiar el polvo de esos binoculares chicos!&nbsp;<\/p>\n<\/div>\n\n\n\n<div class=\"wp-block-column is-layout-flow wp-block-column-is-layout-flow\">\n<figure class=\"wp-block-image size-large\"><img decoding=\"async\" width=\"1280\" height=\"960\" data-src=\"https:\/\/www.birds.cornell.edu\/latam\/wp-content\/uploads\/2022\/07\/IMG_8688-4-1280x960.jpeg\" alt=\"\" class=\"wp-image-7321 lazyload\" data-srcset=\"https:\/\/www.birds.cornell.edu\/latam\/wp-content\/uploads\/2022\/07\/IMG_8688-4-1280x960.jpeg 1280w, https:\/\/www.birds.cornell.edu\/latam\/wp-content\/uploads\/2022\/07\/IMG_8688-4-720x540.jpeg 720w, https:\/\/www.birds.cornell.edu\/latam\/wp-content\/uploads\/2022\/07\/IMG_8688-4-240x180.jpeg 240w, https:\/\/www.birds.cornell.edu\/latam\/wp-content\/uploads\/2022\/07\/IMG_8688-4-768x576.jpeg 768w, https:\/\/www.birds.cornell.edu\/latam\/wp-content\/uploads\/2022\/07\/IMG_8688-4-1536x1152.jpeg 1536w, https:\/\/www.birds.cornell.edu\/latam\/wp-content\/uploads\/2022\/07\/IMG_8688-4-480x360.jpeg 480w, https:\/\/www.birds.cornell.edu\/latam\/wp-content\/uploads\/2022\/07\/IMG_8688-4.jpeg 2048w\" data-sizes=\"(max-width: 1280px) 100vw, 1280px\" src=\"data:image\/svg+xml;base64,PHN2ZyB3aWR0aD0iMSIgaGVpZ2h0PSIxIiB4bWxucz0iaHR0cDovL3d3dy53My5vcmcvMjAwMC9zdmciPjwvc3ZnPg==\" style=\"--smush-placeholder-width: 1280px; --smush-placeholder-aspect-ratio: 1280\/960;\" \/><figcaption class=\"wp-element-caption\">Foto es cortes\u00eda de Alas Libres.<\/figcaption><\/figure>\n<\/div>\n<\/div>\n\n\n\n<h2 class=\"wp-block-heading\"><strong>\u00a1A la explorar, se ha dicho!<\/strong><\/h2>\n\n\n\n<p>Aprender a trav\u00e9s de la experiencia es una de las maneras m\u00e1s efectivas de recordar y contextualizar los conocimientos; adem\u00e1s de desarrollar la curiosidad. As\u00ed que, los j\u00f3venes y sus gu\u00edas salieron de excursi\u00f3n. Cada participante recibi\u00f3 binoculares y un gu\u00eda de aves. Se dividieron en grupos y empezaron a explorar alrededor de la escuela.&nbsp;<\/p>\n\n\n\n<p>Lu\u00eds descubri\u00f3 algo interesante mientras estaba caminando y le comento a <strong>Ivette Casas<\/strong>: <em>\u201cbi\u00f3loga hay un ave, se parece a un zanate as\u00ed negro, pero no es, es m\u00e1s ancho y corto de cuerpo\u201d<\/em>. \u00a1Vaya ojos Lu\u00eds! Era la primera vez que varios de los j\u00f3venes y hasta el maestro hab\u00edan visto esa ave. Los j\u00f3venes con mucho cuidado se acercaron al ave para observarla en m\u00e1s detalle. Resulta que ten\u00eda un vientre amarillo precioso. \u00a1Esta ave era solo una de las veinti\u00fan diferentes especies de aves que vieron ese d\u00eda! Los ni\u00f1os comentaron que les agrad\u00f3 la pr\u00e1ctica, se sintieron bien, se entretuvieron y con ello lograron conocer m\u00e1s acerca de las aves que habitan su comunidad. Luego de la caminata, registraron sus observaciones en eBird con el apoyo de sus l\u00edderes de grupo. Una manera excelente de realizar ciencia participativa (o ciudadana), para apoyar estudios cient\u00edficos porque no solo los cient\u00edficos pueden contribuir a sus campos de estudio, \u00a1t\u00fa tambi\u00e9n puedes contribuir a la ciencia con tus observaciones compartidas! Despu\u00e9s de lo emocionante que fue compartir las observaciones en <a href=\"https:\/\/ebird.org\/averaves\/home\">aVerAves<\/a> (eBird M\u00e9xico), los j\u00f3venes participaron en un juego entretenido en el que aprendieron los cantos de varias especies de aves locales. Mientras jugaban, un&nbsp; <a href=\"https:\/\/ebird.org\/averaves\/species\/fepowl\">Tecolote Baje\u00f1o<\/a> cant\u00f3 inesperadamente cerca de la escuela. Para los participantes, \u00a1fue una experiencia genial! As\u00ed como aprend\u00edan los cantos de aves, el tecolote les acompa\u00f1aba con su canto.&nbsp;<\/p>\n\n\n\n<div class=\"wp-block-columns is-layout-flex wp-container-core-columns-is-layout-9d6595d7 wp-block-columns-is-layout-flex\">\n<div class=\"wp-block-column is-layout-flow wp-block-column-is-layout-flow\">\n<figure class=\"wp-block-image size-large\"><img decoding=\"async\" width=\"1280\" height=\"960\" data-src=\"https:\/\/www.birds.cornell.edu\/latam\/wp-content\/uploads\/2022\/07\/IMG_9723-2-1280x960.jpeg\" alt=\"Tres j\u00f3venes haciendo un nido\" class=\"wp-image-7300 lazyload\" data-srcset=\"https:\/\/www.birds.cornell.edu\/latam\/wp-content\/uploads\/2022\/07\/IMG_9723-2-1280x960.jpeg 1280w, https:\/\/www.birds.cornell.edu\/latam\/wp-content\/uploads\/2022\/07\/IMG_9723-2-720x540.jpeg 720w, https:\/\/www.birds.cornell.edu\/latam\/wp-content\/uploads\/2022\/07\/IMG_9723-2-240x180.jpeg 240w, https:\/\/www.birds.cornell.edu\/latam\/wp-content\/uploads\/2022\/07\/IMG_9723-2-768x576.jpeg 768w, https:\/\/www.birds.cornell.edu\/latam\/wp-content\/uploads\/2022\/07\/IMG_9723-2-1536x1152.jpeg 1536w, https:\/\/www.birds.cornell.edu\/latam\/wp-content\/uploads\/2022\/07\/IMG_9723-2-480x360.jpeg 480w, https:\/\/www.birds.cornell.edu\/latam\/wp-content\/uploads\/2022\/07\/IMG_9723-2.jpeg 2048w\" data-sizes=\"(max-width: 1280px) 100vw, 1280px\" src=\"data:image\/svg+xml;base64,PHN2ZyB3aWR0aD0iMSIgaGVpZ2h0PSIxIiB4bWxucz0iaHR0cDovL3d3dy53My5vcmcvMjAwMC9zdmciPjwvc3ZnPg==\" style=\"--smush-placeholder-width: 1280px; --smush-placeholder-aspect-ratio: 1280\/960;\" \/><figcaption class=\"wp-element-caption\">Fotos son cortes\u00eda de Alas Libres<\/figcaption><\/figure>\n<\/div>\n\n\n\n<div class=\"wp-block-column is-layout-flow wp-block-column-is-layout-flow\">\n<p>Finalmente, para reforzar el tema del ciclo de vida y reproducci\u00f3n de las aves, los j\u00f3venes construyeron nidos. Cada equipo elabor\u00f3 el nido de su preferencia tomando en cuenta lo aprendido y sus saberes acerca de los nidos de las aves de su comunidad. Ahora, cuando los j\u00f3venes despierten con el canto de un pajarito en la ma\u00f1ana, podr\u00e1n no solo identificarlo, sino tambi\u00e9n, saber c\u00f3mo es el nido de ese pajarito. \u00a1Una maravilla!<\/p>\n<\/div>\n<\/div>\n\n\n\n<h2 class=\"wp-block-heading\"><strong>\u00a1La migraci\u00f3n de las aves y los peligros que enfrentan en sus vuelos<\/strong>!<\/h2>\n\n\n\n<p>Los j\u00f3venes tambi\u00e9n aprendieron m\u00e1s acerca de las aves migratorias por medio del arte. Identificaron algunas aves migratorias que vuelan sobre su estado y qu\u00e9 rutas siguen durante las temporadas migratorias. Fue emocionante para los j\u00f3venes saber que Veracruz es el sitio m\u00e1s importante del paso migratorio de aves rapaces en M\u00e9xico. \u00a1Todo un orgullo mexicano! En la localidad de <strong>Chichicaxtle <\/strong>y <strong>Cardel<\/strong>, por ejemplo, se pueden observar desde mediados de septiembre a noviembre miles de aves rapaces que vuelan rumbo al sur. \u00a1Los j\u00f3venes talentosos compartieron sus obras de arte con el resto del grupo! Durante el primer d\u00eda decoraron m\u00e1scaras, de manera que se parecieran a las aves migratorias de su preferencia. Luego, realizaron poes\u00eda. \u00a1Fue inspirador! Los j\u00f3venes crearon poemas acerca de sus aves favoritas. Se emocionaron al compartir sus poemas. Cada uno pas\u00f3 al frente a leerlas; algunos estaban un poco t\u00edmidos. Sin embargo, presentaron sus creaciones que tanto se esforzaron en componer. \u00a1Entre el canto de las aves y la poes\u00eda hermosa de los j\u00f3venes el sonido que heman\u00f3 de la telesecundaria s\u00ed que fue para inspirarse!<\/p>\n\n\n\n<p>Tristemente, no todo acerca de las aves puede ser tan inspirador. Se integr\u00f3 en el programa el tema de la casa ilegal de aves psit\u00e1cidas (pericos, cotorras y Guacamayas) en la zona. En M\u00e9xico, existen 22 especies de psit\u00e1cidos, de las cuales ocho especies se encuentran en el estado de Veracruz; todas bajo alguna categor\u00eda de riesgo, como en peligro de extinci\u00f3n, bajo amenaza o bien bajo protecci\u00f3n especial. Este problema existe principalmente porque las personas quieren tener a estas especies como mascotas. Este tema fue delicado de tocar con los j\u00f3venes, ya que&nbsp; varios de ellos ten\u00edan aves de mascota. \u00a1Es una situaci\u00f3n lamentable pero no sin su soluci\u00f3n! Se le pregunt\u00f3 a los j\u00f3venes que se deber\u00eda de hacer para solucionar este problema. As\u00ed fue como crearon posters con posibles soluciones, intentando resolver un problema tan complejo. \u00a1Unos hasta se llevaron los posters para ponerlos cerca de sus casas para crear conciencia en la comunidad acerca del problema y qu\u00e9 se puede hacer por resolverlo. Por esto, se les entreg\u00f3 con mucho cari\u00f1o a las j\u00f3venes playeras de Detectives de Aves \u201cLoritos Del Mangal\u201d.&nbsp;<\/p>\n\n\n\n<figure class=\"wp-block-gallery has-nested-images columns-default is-cropped wp-block-gallery-1 is-layout-flex wp-block-gallery-is-layout-flex\">\n<figure class=\"wp-block-image size-large\"><img decoding=\"async\" width=\"960\" height=\"1280\" data-id=\"7337\" data-src=\"https:\/\/www.birds.cornell.edu\/latam\/wp-content\/uploads\/2022\/07\/thumbnail_IMG_5837.jpg\" alt=\"\" class=\"wp-image-7337 lazyload\" data-srcset=\"https:\/\/www.birds.cornell.edu\/latam\/wp-content\/uploads\/2022\/07\/thumbnail_IMG_5837.jpg 960w, https:\/\/www.birds.cornell.edu\/latam\/wp-content\/uploads\/2022\/07\/thumbnail_IMG_5837-720x960.jpg 720w, https:\/\/www.birds.cornell.edu\/latam\/wp-content\/uploads\/2022\/07\/thumbnail_IMG_5837-768x1024.jpg 768w, https:\/\/www.birds.cornell.edu\/latam\/wp-content\/uploads\/2022\/07\/thumbnail_IMG_5837-480x640.jpg 480w\" data-sizes=\"(max-width: 960px) 100vw, 960px\" src=\"data:image\/svg+xml;base64,PHN2ZyB3aWR0aD0iMSIgaGVpZ2h0PSIxIiB4bWxucz0iaHR0cDovL3d3dy53My5vcmcvMjAwMC9zdmciPjwvc3ZnPg==\" style=\"--smush-placeholder-width: 960px; --smush-placeholder-aspect-ratio: 960\/1280;\" \/><\/figure>\n\n\n\n<figure class=\"wp-block-image size-large\"><img decoding=\"async\" width=\"960\" height=\"1280\" data-id=\"7339\" data-src=\"https:\/\/www.birds.cornell.edu\/latam\/wp-content\/uploads\/2022\/07\/thumbnail_IMG_5830-1.jpg\" alt=\"\" class=\"wp-image-7339 lazyload\" data-srcset=\"https:\/\/www.birds.cornell.edu\/latam\/wp-content\/uploads\/2022\/07\/thumbnail_IMG_5830-1.jpg 960w, https:\/\/www.birds.cornell.edu\/latam\/wp-content\/uploads\/2022\/07\/thumbnail_IMG_5830-1-720x960.jpg 720w, https:\/\/www.birds.cornell.edu\/latam\/wp-content\/uploads\/2022\/07\/thumbnail_IMG_5830-1-768x1024.jpg 768w, https:\/\/www.birds.cornell.edu\/latam\/wp-content\/uploads\/2022\/07\/thumbnail_IMG_5830-1-480x640.jpg 480w\" data-sizes=\"(max-width: 960px) 100vw, 960px\" src=\"data:image\/svg+xml;base64,PHN2ZyB3aWR0aD0iMSIgaGVpZ2h0PSIxIiB4bWxucz0iaHR0cDovL3d3dy53My5vcmcvMjAwMC9zdmciPjwvc3ZnPg==\" style=\"--smush-placeholder-width: 960px; --smush-placeholder-aspect-ratio: 960\/1280;\" \/><\/figure>\n\n\n\n<figure class=\"wp-block-image size-large\"><img decoding=\"async\" width=\"960\" height=\"1280\" data-id=\"7341\" data-src=\"https:\/\/www.birds.cornell.edu\/latam\/wp-content\/uploads\/2022\/07\/thumbnail_IMG_5835.jpg\" alt=\"\" class=\"wp-image-7341 lazyload\" data-srcset=\"https:\/\/www.birds.cornell.edu\/latam\/wp-content\/uploads\/2022\/07\/thumbnail_IMG_5835.jpg 960w, https:\/\/www.birds.cornell.edu\/latam\/wp-content\/uploads\/2022\/07\/thumbnail_IMG_5835-720x960.jpg 720w, https:\/\/www.birds.cornell.edu\/latam\/wp-content\/uploads\/2022\/07\/thumbnail_IMG_5835-768x1024.jpg 768w, https:\/\/www.birds.cornell.edu\/latam\/wp-content\/uploads\/2022\/07\/thumbnail_IMG_5835-480x640.jpg 480w\" data-sizes=\"(max-width: 960px) 100vw, 960px\" src=\"data:image\/svg+xml;base64,PHN2ZyB3aWR0aD0iMSIgaGVpZ2h0PSIxIiB4bWxucz0iaHR0cDovL3d3dy53My5vcmcvMjAwMC9zdmciPjwvc3ZnPg==\" style=\"--smush-placeholder-width: 960px; --smush-placeholder-aspect-ratio: 960\/1280;\" \/><\/figure>\n\n\n\n<figure class=\"wp-block-image size-large\"><img decoding=\"async\" width=\"640\" height=\"481\" data-id=\"7347\" data-src=\"https:\/\/www.birds.cornell.edu\/latam\/wp-content\/uploads\/2022\/07\/thumbnail_IMG_3734.jpg\" alt=\"\" class=\"wp-image-7347 lazyload\" data-srcset=\"https:\/\/www.birds.cornell.edu\/latam\/wp-content\/uploads\/2022\/07\/thumbnail_IMG_3734.jpg 640w, https:\/\/www.birds.cornell.edu\/latam\/wp-content\/uploads\/2022\/07\/thumbnail_IMG_3734-240x180.jpg 240w, https:\/\/www.birds.cornell.edu\/latam\/wp-content\/uploads\/2022\/07\/thumbnail_IMG_3734-480x361.jpg 480w\" data-sizes=\"(max-width: 640px) 100vw, 640px\" src=\"data:image\/svg+xml;base64,PHN2ZyB3aWR0aD0iMSIgaGVpZ2h0PSIxIiB4bWxucz0iaHR0cDovL3d3dy53My5vcmcvMjAwMC9zdmciPjwvc3ZnPg==\" style=\"--smush-placeholder-width: 640px; --smush-placeholder-aspect-ratio: 640\/481;\" \/><\/figure>\n\n\n\n<figure class=\"wp-block-image size-large\"><img decoding=\"async\" width=\"640\" height=\"481\" data-id=\"7349\" data-src=\"https:\/\/www.birds.cornell.edu\/latam\/wp-content\/uploads\/2022\/07\/thumbnail_IMG_3737.jpg\" alt=\"\" class=\"wp-image-7349 lazyload\" data-srcset=\"https:\/\/www.birds.cornell.edu\/latam\/wp-content\/uploads\/2022\/07\/thumbnail_IMG_3737.jpg 640w, https:\/\/www.birds.cornell.edu\/latam\/wp-content\/uploads\/2022\/07\/thumbnail_IMG_3737-240x180.jpg 240w, https:\/\/www.birds.cornell.edu\/latam\/wp-content\/uploads\/2022\/07\/thumbnail_IMG_3737-480x361.jpg 480w\" data-sizes=\"(max-width: 640px) 100vw, 640px\" src=\"data:image\/svg+xml;base64,PHN2ZyB3aWR0aD0iMSIgaGVpZ2h0PSIxIiB4bWxucz0iaHR0cDovL3d3dy53My5vcmcvMjAwMC9zdmciPjwvc3ZnPg==\" style=\"--smush-placeholder-width: 640px; --smush-placeholder-aspect-ratio: 640\/481;\" \/><\/figure>\n<figcaption class=\"blocks-gallery-caption wp-element-caption\">Fotos son cortes\u00eda de Alas Libres.<\/figcaption><\/figure>\n\n\n\n<h2 class=\"wp-block-heading\"><strong>Jardines y lagunas<\/strong><\/h2>\n\n\n\n<p>Sin pasar mucho tiempo, los j\u00f3venes volvieron a trabajar al aire libre. Se reflexion\u00f3 con los j\u00f3venes acerca de los espacios amigables para la fauna, en especial para las aves y otros polinizadores y conversaron acerca de c\u00f3mo crearlos. \u00bfY qu\u00e9 espacio es m\u00e1s amigable que un jard\u00edn? Se platic\u00f3 sobre la importancia de sembrar plantas nativas de la regi\u00f3n que puedan dar alimento como: n\u00e9ctar, polen, semillas, frutas y flores que atraigan insectos que funcionen como alimento para otras aves. Despu\u00e9s de escoger qu\u00e9 plantar\u00edan, se pusieron a trabajar un d\u00eda entero. Les qued\u00f3 un jard\u00edn precioso. Luego, repartieron los deberes entre los j\u00f3venes para que el jard\u00edn se mantuviera limpio, sano y lleno de vida para las aves&nbsp; de la comunidad. Aplausos se llevaron los j\u00f3venes por su esfuerzo y el bello jard\u00edn que crearon en su telesecundaria.<\/p>\n\n\n\n<figure class=\"wp-block-image size-full\"><img decoding=\"async\" width=\"1280\" height=\"960\" data-src=\"https:\/\/www.birds.cornell.edu\/latam\/wp-content\/uploads\/2022\/07\/thumbnail_IMG_5822.jpg\" alt=\"Adulta y tres ni\u00f1os en un jard\u00edn\" class=\"wp-image-7150 lazyload\" data-srcset=\"https:\/\/www.birds.cornell.edu\/latam\/wp-content\/uploads\/2022\/07\/thumbnail_IMG_5822.jpg 1280w, https:\/\/www.birds.cornell.edu\/latam\/wp-content\/uploads\/2022\/07\/thumbnail_IMG_5822-720x540.jpg 720w, https:\/\/www.birds.cornell.edu\/latam\/wp-content\/uploads\/2022\/07\/thumbnail_IMG_5822-240x180.jpg 240w, https:\/\/www.birds.cornell.edu\/latam\/wp-content\/uploads\/2022\/07\/thumbnail_IMG_5822-768x576.jpg 768w, https:\/\/www.birds.cornell.edu\/latam\/wp-content\/uploads\/2022\/07\/thumbnail_IMG_5822-480x360.jpg 480w\" data-sizes=\"(max-width: 1280px) 100vw, 1280px\" src=\"data:image\/svg+xml;base64,PHN2ZyB3aWR0aD0iMSIgaGVpZ2h0PSIxIiB4bWxucz0iaHR0cDovL3d3dy53My5vcmcvMjAwMC9zdmciPjwvc3ZnPg==\" style=\"--smush-placeholder-width: 1280px; --smush-placeholder-aspect-ratio: 1280\/960;\" \/><figcaption class=\"wp-element-caption\">Fotos son cortes\u00eda de Alas Libres.<\/figcaption><\/figure>\n\n\n\n<p>Como actividad adicional, se realiz\u00f3 un paseo a la Laguna del Osti\u00f3n, muy cerca de la telesecundaria. Con toda la experiencia y conocimientos adquiridos, los j\u00f3venes reforzaron en este viaje se sintieron felices al aire libre. La pandemia, que ha sido tan dura y larga, hab\u00eda confinado a los j\u00f3venes en sus casas y ahora por fin pod\u00edan estirar sus piernas y disfrutar en contacto con la naturaleza. \u00a1Una maravilla! Vieron un mont\u00f3n de aves bellas. Los j\u00f3venes ya solos anotaban las aves que ve\u00edan y hac\u00edan comentarios acerca de ellas: \u201cMiren sus ojos son muy redondos como canicas, mira la forma de su pico como un zapato ancho, el color de su plumaje, escuchen como cantan.\u201d <em>Blanca coment\u00f3: \u201cyo vengo seguido con mi pap\u00e1 al manglar, me gusta mucho y puedo conocer m\u00e1s aves, me gusta ver los cangrejitos en las ra\u00edces de los mangles. Hace poco mi pap\u00e1 vio en el manglar a la garza chocolatera<\/em> (<a href=\"https:\/\/ebird.org\/averaves\/species\/rosspo1\">Esp\u00e1tula Rosada<\/a>)<em>, esa me gusta mucho por la forma de su pico y el color rosa de sus plumas.\u201d&nbsp;<\/em><\/p>\n\n\n\n<p>El paseo cre\u00f3 hambre y el grupo se tom\u00f3 un descanso breve para comer y disfrutar de la naturaleza. El volc\u00e1n <strong>San Mart\u00edn Pajapan <\/strong>los observaba desde una distancia y el grupo qued\u00f3 callado para apreciar el esplendor del momento.&nbsp;<\/p>\n\n\n\n<figure class=\"wp-block-gallery has-nested-images columns-default is-cropped wp-block-gallery-2 is-layout-flex wp-block-gallery-is-layout-flex\">\n<figure class=\"wp-block-image size-large\"><img decoding=\"async\" width=\"960\" height=\"1280\" data-id=\"7389\" data-src=\"https:\/\/www.birds.cornell.edu\/latam\/wp-content\/uploads\/2022\/07\/thumbnail_IMG_2822-3.jpg\" alt=\"Gran grupo de personas en un bote\" class=\"wp-image-7389 lazyload\" data-srcset=\"https:\/\/www.birds.cornell.edu\/latam\/wp-content\/uploads\/2022\/07\/thumbnail_IMG_2822-3.jpg 960w, https:\/\/www.birds.cornell.edu\/latam\/wp-content\/uploads\/2022\/07\/thumbnail_IMG_2822-3-720x960.jpg 720w, https:\/\/www.birds.cornell.edu\/latam\/wp-content\/uploads\/2022\/07\/thumbnail_IMG_2822-3-768x1024.jpg 768w, https:\/\/www.birds.cornell.edu\/latam\/wp-content\/uploads\/2022\/07\/thumbnail_IMG_2822-3-480x640.jpg 480w\" data-sizes=\"(max-width: 960px) 100vw, 960px\" src=\"data:image\/svg+xml;base64,PHN2ZyB3aWR0aD0iMSIgaGVpZ2h0PSIxIiB4bWxucz0iaHR0cDovL3d3dy53My5vcmcvMjAwMC9zdmciPjwvc3ZnPg==\" style=\"--smush-placeholder-width: 960px; --smush-placeholder-aspect-ratio: 960\/1280;\" \/><\/figure>\n\n\n\n<figure class=\"wp-block-image size-large\"><img decoding=\"async\" width=\"960\" height=\"1280\" data-id=\"7381\" data-src=\"https:\/\/www.birds.cornell.edu\/latam\/wp-content\/uploads\/2022\/07\/thumbnail_IMG_2818-3.jpg\" alt=\"Gran grupo de personas en medio de un lago en un bote\" class=\"wp-image-7381 lazyload\" data-srcset=\"https:\/\/www.birds.cornell.edu\/latam\/wp-content\/uploads\/2022\/07\/thumbnail_IMG_2818-3.jpg 960w, https:\/\/www.birds.cornell.edu\/latam\/wp-content\/uploads\/2022\/07\/thumbnail_IMG_2818-3-720x960.jpg 720w, https:\/\/www.birds.cornell.edu\/latam\/wp-content\/uploads\/2022\/07\/thumbnail_IMG_2818-3-768x1024.jpg 768w, https:\/\/www.birds.cornell.edu\/latam\/wp-content\/uploads\/2022\/07\/thumbnail_IMG_2818-3-480x640.jpg 480w\" data-sizes=\"(max-width: 960px) 100vw, 960px\" src=\"data:image\/svg+xml;base64,PHN2ZyB3aWR0aD0iMSIgaGVpZ2h0PSIxIiB4bWxucz0iaHR0cDovL3d3dy53My5vcmcvMjAwMC9zdmciPjwvc3ZnPg==\" style=\"--smush-placeholder-width: 960px; --smush-placeholder-aspect-ratio: 960\/1280;\" \/><\/figure>\n<figcaption class=\"blocks-gallery-caption wp-element-caption\">Fotos son cortes\u00eda de Alas Libres.<\/figcaption><\/figure>\n\n\n\n<h2 class=\"wp-block-heading\"><strong>El Mural y la reflexi\u00f3n<\/strong><\/h2>\n\n\n\n<p><a href=\"https:\/\/fundacionarbesulago.org\">La Fundaci\u00f3n Arbes\u00fa Lago<\/a> generosamente don\u00f3 un mural de aves para la Telesecundaria <strong>Lu\u00eds Donaldo Colosio<\/strong>. \u00a1Los j\u00f3venes tuvieron la oportunidad de votar por sus aves favoritas que ser\u00edan pintadas en el mural y todos quer\u00edan hacer una impresi\u00f3n!&nbsp;<\/p>\n\n\n\n<p><em>Adal\u00ed dijo: \u201cyo voto por el <\/em><a href=\"https:\/\/ebird.org\/averaves\/species\/comkin1\"><em>Mart\u00edn Pescador<\/em><\/a><em>, lo vemos aqu\u00ed en la comunidad y se alimenta de peces junto a los arroyos\u201d<\/em><\/p>\n\n\n\n<p>Los j\u00f3venes hicieron mucho m\u00e1s que solo elegir el tipo de ave que estar\u00eda en el mural. \u00a1Los muralistas los ayudaron a pintar el mural por ellos mismos! La gran habilidad que ten\u00edan los j\u00f3venes se plasm\u00f3 en el hermoso mural de su telesecundaria.&nbsp;<\/p>\n\n\n\n<figure class=\"wp-block-gallery has-nested-images columns-default is-cropped wp-block-gallery-3 is-layout-flex wp-block-gallery-is-layout-flex\">\n<figure class=\"wp-block-image size-large\"><img decoding=\"async\" width=\"1280\" height=\"960\" data-id=\"7394\" data-src=\"https:\/\/www.birds.cornell.edu\/latam\/wp-content\/uploads\/2022\/07\/thumbnail_e42c37eb-f4b0-4512-bab3-9fac1cb3a7c4.jpg\" alt=\"\" class=\"wp-image-7394 lazyload\" data-srcset=\"https:\/\/www.birds.cornell.edu\/latam\/wp-content\/uploads\/2022\/07\/thumbnail_e42c37eb-f4b0-4512-bab3-9fac1cb3a7c4.jpg 1280w, https:\/\/www.birds.cornell.edu\/latam\/wp-content\/uploads\/2022\/07\/thumbnail_e42c37eb-f4b0-4512-bab3-9fac1cb3a7c4-720x540.jpg 720w, https:\/\/www.birds.cornell.edu\/latam\/wp-content\/uploads\/2022\/07\/thumbnail_e42c37eb-f4b0-4512-bab3-9fac1cb3a7c4-240x180.jpg 240w, https:\/\/www.birds.cornell.edu\/latam\/wp-content\/uploads\/2022\/07\/thumbnail_e42c37eb-f4b0-4512-bab3-9fac1cb3a7c4-768x576.jpg 768w, https:\/\/www.birds.cornell.edu\/latam\/wp-content\/uploads\/2022\/07\/thumbnail_e42c37eb-f4b0-4512-bab3-9fac1cb3a7c4-480x360.jpg 480w\" data-sizes=\"(max-width: 1280px) 100vw, 1280px\" src=\"data:image\/svg+xml;base64,PHN2ZyB3aWR0aD0iMSIgaGVpZ2h0PSIxIiB4bWxucz0iaHR0cDovL3d3dy53My5vcmcvMjAwMC9zdmciPjwvc3ZnPg==\" style=\"--smush-placeholder-width: 1280px; --smush-placeholder-aspect-ratio: 1280\/960;\" \/><\/figure>\n\n\n\n<figure class=\"wp-block-image size-large\"><img decoding=\"async\" width=\"1280\" height=\"960\" data-id=\"7392\" data-src=\"https:\/\/www.birds.cornell.edu\/latam\/wp-content\/uploads\/2022\/07\/thumbnail_d61c312f-1013-4fbc-b790-c68a2f0e9fcb-1.jpg\" alt=\"\" class=\"wp-image-7392 lazyload\" data-srcset=\"https:\/\/www.birds.cornell.edu\/latam\/wp-content\/uploads\/2022\/07\/thumbnail_d61c312f-1013-4fbc-b790-c68a2f0e9fcb-1.jpg 1280w, https:\/\/www.birds.cornell.edu\/latam\/wp-content\/uploads\/2022\/07\/thumbnail_d61c312f-1013-4fbc-b790-c68a2f0e9fcb-1-720x540.jpg 720w, https:\/\/www.birds.cornell.edu\/latam\/wp-content\/uploads\/2022\/07\/thumbnail_d61c312f-1013-4fbc-b790-c68a2f0e9fcb-1-240x180.jpg 240w, https:\/\/www.birds.cornell.edu\/latam\/wp-content\/uploads\/2022\/07\/thumbnail_d61c312f-1013-4fbc-b790-c68a2f0e9fcb-1-768x576.jpg 768w, https:\/\/www.birds.cornell.edu\/latam\/wp-content\/uploads\/2022\/07\/thumbnail_d61c312f-1013-4fbc-b790-c68a2f0e9fcb-1-480x360.jpg 480w\" data-sizes=\"(max-width: 1280px) 100vw, 1280px\" src=\"data:image\/svg+xml;base64,PHN2ZyB3aWR0aD0iMSIgaGVpZ2h0PSIxIiB4bWxucz0iaHR0cDovL3d3dy53My5vcmcvMjAwMC9zdmciPjwvc3ZnPg==\" style=\"--smush-placeholder-width: 1280px; --smush-placeholder-aspect-ratio: 1280\/960;\" \/><\/figure>\n<figcaption class=\"blocks-gallery-caption wp-element-caption\">Creditos: Ivette Casas, Alas Libres<\/figcaption><\/figure>\n\n\n\n<p>Una vez que terminaron el mural, los j\u00f3venes vieron una presentaci\u00f3n acerca de todas las actividades que hab\u00edan realizado, y se emocionaron mucho. El ambiente era de alegr\u00eda y orgullo al ver que lejos hab\u00edan llegado todos.&nbsp;<\/p>\n\n\n\n<p><em>Daniela dijo: \u201cMe siento muy feliz de poder conocer y observar a las aves que tengo en mi comunidad\u201d<\/em><\/p>\n\n\n\n<p>Para despedirse, se hizo un concurso de dibujo de las aves de la comunidad. Ya sabiendo qu\u00e9 grandes artistas son los j\u00f3venes, se sab\u00eda que ser\u00eda \u00a1muy dif\u00edcil elegir el mejor dibujo! Se dieron cinco premios que se iban escalando hasta llegar al primer lugar. Los j\u00f3venes entregaron pinturas creativas y llenas de pasi\u00f3n. Realmente, fue muy dif\u00edcil escoger entre ellas. Despu\u00e9s de mucho pensamiento y debate, Daniela qued\u00f3 en primer lugar con una pintura bell\u00edsima.&nbsp;<\/p>\n\n\n\n<p>Este video illumina la belleza de este proyecto y lo que se significaba para estos j\u00f3venes. <\/p>\n\n\n\n<figure class=\"wp-block-embed is-type-video is-provider-vimeo wp-block-embed-vimeo wp-embed-aspect-16-9 wp-has-aspect-ratio\"><div class=\"wp-block-embed__wrapper\">\n<iframe title=\"Las aves de mi comunidad\" data-src=\"https:\/\/player.vimeo.com\/video\/729916959?h=32839461d9&amp;dnt=1&amp;app_id=122963\" width=\"1200\" height=\"675\" frameborder=\"0\" allow=\"autoplay; fullscreen; picture-in-picture\" allowfullscreen src=\"data:image\/svg+xml;base64,PHN2ZyB3aWR0aD0iMSIgaGVpZ2h0PSIxIiB4bWxucz0iaHR0cDovL3d3dy53My5vcmcvMjAwMC9zdmciPjwvc3ZnPg==\" class=\"lazyload\" data-load-mode=\"1\"><\/iframe>\n<\/div><figcaption class=\"wp-element-caption\">Creditos: Ivette Casas, Alas Libres<\/figcaption><\/figure>\n\n\n\n<p>Un agradecimiento especial a <a href=\"https:\/\/fundacionarbesulago.org\/\">La fundaci\u00f3n Arbes\u00fa Lago<\/a> por la mural preciosa y por ense\u00f1ar a los estudiantes acerca de las aves por medio de las artes y al <a href=\"https:\/\/www.facebook.com\/CISEJUPE\/\">Centro de Investigaciones Sociales y Estudios Jur\u00eddicos de la Peninsula A.C.<\/a>\u00a0 por su apoyo esencial. Tambi\u00e9n se agradece el <a href=\"https:\/\/www.birds.cornell.edu\/home\/\" data-type=\"URL\" data-id=\"https:\/\/www.birds.cornell.edu\/home\/\"><a href=\"https:\/\/www.birds.cornell.edu\/home\/\" data-type=\"URL\" data-id=\"https:\/\/www.birds.cornell.edu\/home\/\">Laboratorio de Ornitolog\u00eda de la Universidad de Cornell<\/a> <\/a>, que gracias a su mini-becca todos los participantes pudieron recibir certificados de participaci\u00f3n. Aplaudimos los esfuerzos tremendos de los ni\u00f1os y a todos los organizadores de los talleres que crearon un ambiente donde los estudiantes pudieron aprender acerca de la belleza de la naturaleza. Se aprendi\u00f3 acerca de las aves, de la naturaleza, y m\u00e1s que nada, de los estudiantes que trajeron su energ\u00eda c\u00e1ndida y completa todos los d\u00edas. Les deseamos todo lo mejor a los j\u00f3venes en el futuro y que su pasi\u00f3n por la naturaleza crezca y extienda sus alas hasta el horizonte y vuelen hasta donde quieran llegar.\u00a0<\/p>\n\n\n\n<p>P\u00e1gina desarrollada por Diego Valle<\/p>\n","protected":false},"excerpt":{"rendered":"<p>M\u00e9xico<\/p>\n","protected":false},"author":7,"featured_media":7319,"comment_status":"open","ping_status":"closed","sticky":false,"template":"","format":"standard","meta":{"_birdpress_hero_toggle":true,"_birdpress_hero_type":"image","_birdpress_hero_image_type":"image","_birdpress_hero_style":"default","_birdpress_hero_ratio":"","_birdpress_hero_h1":"Los j\u00f3venes de Veracruz se apasionan conociendo las aves de su comunidad","_birdpress_hero_media_id":7319,"_birdpress_hero_media_array_id":[],"_birdpress_hero_media_array":[],"_birdpress_hero_media":0,"_birdpress_hero_video_id":0,"_birdpress_hero_video":0,"_birdpress_hero_youtube":"","_birdpress_hero_content":true,"_birdpress_hero_byline":"","_birdpress_hero_byline_bottom":"","_birdpress_hero_button_link":"","_birdpress_hero_button_text":"","_birdpress_hero_button_color":"","_birdpress_hero_date":false,"original_guid":"","_birdpress_hide_search":false,"_birdpress_page_width":"","_birdpress_global_cta":false,"_birdpress_widget_sidebar":"","_birdpress_next_article":0,"_birdpress_next_article_title":"","_birdpress_prev_article":0,"_birdpress_prev_article_title":"","_birdpress_sub_navigation_id":0,"_birdpress_sub_navigation":"","_birdpress_sub_navigation_title":false,"_birdpress_anchor_navigation_id":0,"_birdpress_anchor_navigation":"","_birdpress_postType":"both","_birdpress_categoryID":0,"_birdpress_tagID":0,"_birdpress_parentPostID":0,"_birdpress_parentPostTitle":"","_birdpress_menuID":0,"_birdpress_menuName":"","_birdpress_listHeader":"","_birdpress_listLayout":"card-display","_birdpress_listColumns":"","_birdpress_maxItems":12,"_birdpress_listPaginate":true,"_birdpress_displaySort":true,"_birdpress_sortOrder":"DESC","_birdpress_sortBy":"date","_birdpress_listID":"","_birdpress_listClass":"","_birdpress_displayImages":true,"_birdpress_displayCaptions":false,"_birdpress_displayExcerpts":false,"_birdpress_attTop":"","_birdpress_attBottom":"","_birdpress_showLogos":false,"_birdpress_post_logo":0,"mc4wp_mailchimp_campaign":[],"footnotes":""},"categories":[443],"tags":[],"content-format":[],"class_list":["post-5841","post","type-post","status-publish","format-standard","has-post-thumbnail","hentry","category-comunidad"],"lang":"es","translations":{"es":5841,"en":6345},"pll_sync_post":[],"_links":{"self":[{"href":"https:\/\/www.birds.cornell.edu\/latam\/wp-json\/wp\/v2\/posts\/5841","targetHints":{"allow":["GET"]}}],"collection":[{"href":"https:\/\/www.birds.cornell.edu\/latam\/wp-json\/wp\/v2\/posts"}],"about":[{"href":"https:\/\/www.birds.cornell.edu\/latam\/wp-json\/wp\/v2\/types\/post"}],"author":[{"embeddable":true,"href":"https:\/\/www.birds.cornell.edu\/latam\/wp-json\/wp\/v2\/users\/7"}],"replies":[{"embeddable":true,"href":"https:\/\/www.birds.cornell.edu\/latam\/wp-json\/wp\/v2\/comments?post=5841"}],"version-history":[{"count":0,"href":"https:\/\/www.birds.cornell.edu\/latam\/wp-json\/wp\/v2\/posts\/5841\/revisions"}],"wp:featuredmedia":[{"embeddable":true,"href":"https:\/\/www.birds.cornell.edu\/latam\/wp-json\/wp\/v2\/media\/7319"}],"wp:attachment":[{"href":"https:\/\/www.birds.cornell.edu\/latam\/wp-json\/wp\/v2\/media?parent=5841"}],"wp:term":[{"taxonomy":"category","embeddable":true,"href":"https:\/\/www.birds.cornell.edu\/latam\/wp-json\/wp\/v2\/categories?post=5841"},{"taxonomy":"post_tag","embeddable":true,"href":"https:\/\/www.birds.cornell.edu\/latam\/wp-json\/wp\/v2\/tags?post=5841"},{"taxonomy":"content-format","embeddable":true,"href":"https:\/\/www.birds.cornell.edu\/latam\/wp-json\/wp\/v2\/content-format?post=5841"}],"curies":[{"name":"wp","href":"https:\/\/api.w.org\/{rel}","templated":true}]}}