{"id":710,"date":"2021-08-04T09:49:24","date_gmt":"2021-08-04T14:49:24","guid":{"rendered":"https:\/\/www.birds.cornell.edu\/latam\/?p=710"},"modified":"2026-01-20T13:32:55","modified_gmt":"2026-01-20T18:32:55","slug":"colombia","status":"publish","type":"post","link":"https:\/\/www.birds.cornell.edu\/latam\/colombia\/","title":{"rendered":"Colombia"},"content":{"rendered":"\n<h1 class=\"wp-block-heading\" id=\"materiales-educacionales\">Materiales educativos de Colombia<\/h1>\n\n\n\n<p>Como un esfuerzo en com\u00fan para apoyar a educadores y l\u00edderes de grupos en sus actividades educacionales en Colombia, varios colaboradores colombianos compartieron sus materiales educacionales acerca de aves, conservaci\u00f3n y educaci\u00f3n ambiental para que los puedas descargar gratuitamente. Descubre actividades entretenidas y educativas que pueden apoyarte en tus esfuerzos  para integrar a tu comunidad a la observaci\u00f3n y aprecio de las aves en libertad y el cuidado del medioambiente. <\/p>\n\n\n\n<hr class=\"wp-block-separator has-css-opacity\"\/>\n\n\n\n<h3 class=\"wp-block-heading\" id=\"Juegos\">Juegos<\/h3>\n\n\n\n<div class=\"wp-block-birdpress-simple-list article-list simple-list list-style\"><ul>\n<li class=\"wp-block-birdpress-simple-list-item article-item\">\n<div class=\"wp-block-columns is-layout-flex wp-container-core-columns-is-layout-9d6595d7 wp-block-columns-is-layout-flex\">\n<div class=\"wp-block-column is-layout-flow wp-block-column-is-layout-flow\">\n<figure class=\"wp-block-image size-full\"><img decoding=\"async\" width=\"359\" height=\"600\" data-src=\"https:\/\/www.birds.cornell.edu\/latam\/wp-content\/uploads\/2021\/08\/Sospechosos-e1570545888465.jpg\" alt=\"\" class=\"wp-image-944 lazyload\" src=\"data:image\/svg+xml;base64,PHN2ZyB3aWR0aD0iMSIgaGVpZ2h0PSIxIiB4bWxucz0iaHR0cDovL3d3dy53My5vcmcvMjAwMC9zdmciPjwvc3ZnPg==\" style=\"--smush-placeholder-width: 359px; --smush-placeholder-aspect-ratio: 359\/600;\" \/><\/figure>\n<\/div>\n\n\n\n<div class=\"wp-block-column is-layout-flow wp-block-column-is-layout-flow\">\n<h2 class=\"wp-block-heading has-large-font-size\"><strong>Sospechosos por Naturaleza<\/strong><\/h2>\n\n\n\n<p>Todas nuestras acciones pueden tener consecuencias en el medioambiente. En este juego de detectives ambientales descubrir\u00e1s c\u00f3mo surgen algunos problemas ambientales y qu\u00e9 acciones sostenibles puedes realizar para solucionarlos.&nbsp;<\/p>\n\n\n\n<div class=\"wp-block-buttons is-layout-flex wp-block-buttons-is-layout-flex\">\n<div class=\"wp-block-button\"><a class=\"wp-block-button__link wp-element-button\" href=\"https:\/\/www.selva.org.co\/programas\/educacion-y-entrenamiento\/curriculos-y-juegos\/\">\u00a1Descarga Aqu\u00ed!<\/a><\/div>\n<\/div>\n\n\n\n<p class=\"has-small-font-size\"><strong>Autores:<\/strong>&nbsp;<a href=\"mailto:info@selva.org.co\">Zoraya Buitrago<\/a>&nbsp;y&nbsp;<a href=\"mailto:info@selva.org.co\">Jay Martin<\/a><strong> \/ Contacto:<\/strong> <a href=\"mailto:ficsana@gmail.com\">ficsana@gmail.com<\/a> <strong>\/<\/strong> <strong>Organizaciones:<\/strong> <a href=\"http:\/\/selva.org.co\/es\/\">SELVA<\/a>,&nbsp;<a href=\"http:\/\/avescolombianas.co\/\">Fundaci\u00f3n Aves Colombianas<\/a>, y AES Colombia<\/p>\n<\/div>\n<\/div>\n<\/li>\n\n\n\n<li class=\"wp-block-birdpress-simple-list-item article-item\">\n<div class=\"wp-block-columns is-layout-flex wp-container-core-columns-is-layout-9d6595d7 wp-block-columns-is-layout-flex\">\n<div class=\"wp-block-column is-layout-flow wp-block-column-is-layout-flow\">\n<figure class=\"wp-block-image size-large\"><img decoding=\"async\" width=\"1280\" height=\"674\" data-src=\"https:\/\/www.birds.cornell.edu\/latam\/wp-content\/uploads\/2021\/08\/LaRutaBacana-1920x1011-1-1280x674.jpg\" alt=\"\" class=\"wp-image-946 lazyload\" data-srcset=\"https:\/\/www.birds.cornell.edu\/latam\/wp-content\/uploads\/2021\/08\/LaRutaBacana-1920x1011-1-1280x674.jpg 1280w, https:\/\/www.birds.cornell.edu\/latam\/wp-content\/uploads\/2021\/08\/LaRutaBacana-1920x1011-1-720x379.jpg 720w, https:\/\/www.birds.cornell.edu\/latam\/wp-content\/uploads\/2021\/08\/LaRutaBacana-1920x1011-1-768x404.jpg 768w, https:\/\/www.birds.cornell.edu\/latam\/wp-content\/uploads\/2021\/08\/LaRutaBacana-1920x1011-1-1536x809.jpg 1536w, https:\/\/www.birds.cornell.edu\/latam\/wp-content\/uploads\/2021\/08\/LaRutaBacana-1920x1011-1-480x253.jpg 480w, https:\/\/www.birds.cornell.edu\/latam\/wp-content\/uploads\/2021\/08\/LaRutaBacana-1920x1011-1.jpg 1920w\" data-sizes=\"(max-width: 1280px) 100vw, 1280px\" src=\"data:image\/svg+xml;base64,PHN2ZyB3aWR0aD0iMSIgaGVpZ2h0PSIxIiB4bWxucz0iaHR0cDovL3d3dy53My5vcmcvMjAwMC9zdmciPjwvc3ZnPg==\" style=\"--smush-placeholder-width: 1280px; --smush-placeholder-aspect-ratio: 1280\/674;\" \/><\/figure>\n<\/div>\n\n\n\n<div class=\"wp-block-column is-layout-flow wp-block-column-is-layout-flow\">\n<h2 class=\"wp-block-heading has-large-font-size\"><strong>La Ruta Bacana<\/strong><\/h2>\n\n\n\n<p>Durante el a\u00f1o, \u00bfd\u00f3nde viven o se detienen las aves migratorias? \u00bfCu\u00e1les son los riesgos que enfrentan durante sus largos vuelos? La Ruta Bacana es un juego acerca de la migraci\u00f3n de las aves que ayuda a entender las impresionantes rutas que toman, los peligros que enfrentan en el camino y nuestro rol durante sus migraciones.&nbsp;<\/p>\n\n\n\n<div class=\"wp-block-buttons is-layout-flex wp-block-buttons-is-layout-flex\">\n<div class=\"wp-block-button\"><a class=\"wp-block-button__link wp-element-button\" href=\"https:\/\/www.selva.org.co\/programas\/educacion-y-entrenamiento\/curriculos-y-juegos\/\">\u00a1Descarga Aqu\u00ed!<\/a><\/div>\n<\/div>\n\n\n\n<p class=\"has-small-font-size\"><strong>Autores:<\/strong>&nbsp;<a href=\"mailto:info@selva.org.co\">Zoraya Buitrago<\/a>,&nbsp;<a href=\"mailto:info@selva.org.co\">Jay Martin<\/a>,&nbsp;<a href=\"mailto:info@selva.org.co\">Camila Gomez<\/a>&nbsp;y&nbsp;<a href=\"mailto:info@selva.org.co\">Nick Bayly<\/a> <strong>\/ Contacto:<\/strong> info@selva.org.co <strong>\/ Organizaciones:<\/strong> <a href=\"http:\/\/selva.org.co\/es\/\">SELVA<\/a>,&nbsp;<a href=\"http:\/\/avescolombianas.co\/\">Fundaci\u00f3n Aves Colombianas<\/a>, y Smithsonian Migratory Bird Center.<\/p>\n<\/div>\n<\/div>\n<\/li>\n\n\n\n<li class=\"wp-block-birdpress-simple-list-item article-item\">\n<div class=\"wp-block-columns is-layout-flex wp-container-core-columns-is-layout-9d6595d7 wp-block-columns-is-layout-flex\">\n<div class=\"wp-block-column is-layout-flow wp-block-column-is-layout-flow\">\n<figure class=\"wp-block-image size-large\"><img decoding=\"async\" width=\"1280\" height=\"1147\" data-src=\"https:\/\/www.birds.cornell.edu\/latam\/wp-content\/uploads\/2021\/08\/FiloGenios-1280x1147.jpg\" alt=\"\" class=\"wp-image-949 lazyload\" data-srcset=\"https:\/\/www.birds.cornell.edu\/latam\/wp-content\/uploads\/2021\/08\/FiloGenios-1280x1147.jpg 1280w, https:\/\/www.birds.cornell.edu\/latam\/wp-content\/uploads\/2021\/08\/FiloGenios-720x645.jpg 720w, https:\/\/www.birds.cornell.edu\/latam\/wp-content\/uploads\/2021\/08\/FiloGenios-768x688.jpg 768w, https:\/\/www.birds.cornell.edu\/latam\/wp-content\/uploads\/2021\/08\/FiloGenios-1536x1376.jpg 1536w, https:\/\/www.birds.cornell.edu\/latam\/wp-content\/uploads\/2021\/08\/FiloGenios-480x430.jpg 480w, https:\/\/www.birds.cornell.edu\/latam\/wp-content\/uploads\/2021\/08\/FiloGenios.jpg 1569w\" data-sizes=\"(max-width: 1280px) 100vw, 1280px\" src=\"data:image\/svg+xml;base64,PHN2ZyB3aWR0aD0iMSIgaGVpZ2h0PSIxIiB4bWxucz0iaHR0cDovL3d3dy53My5vcmcvMjAwMC9zdmciPjwvc3ZnPg==\" style=\"--smush-placeholder-width: 1280px; --smush-placeholder-aspect-ratio: 1280\/1147;\" \/><\/figure>\n<\/div>\n\n\n\n<div class=\"wp-block-column is-layout-flow wp-block-column-is-layout-flow\">\n<h4 class=\"wp-block-heading has-large-font-size\"><strong>FiloGenios<\/strong><\/h4>\n\n\n\n<p>FiloGenios es un juego de cartas que muestra la diversidad impresionante de aves colombianas. Adem\u00e1s, da la oportunidad de entender lo fr\u00e1giles que son sus h\u00e1bitats y qu\u00e9 acciones podemos tomar para protegerlos. <\/p>\n\n\n\n<div class=\"wp-block-buttons is-layout-flex wp-block-buttons-is-layout-flex\">\n<div class=\"wp-block-button\"><a class=\"wp-block-button__link wp-element-button\" href=\"https:\/\/www.selva.org.co\/programas\/educacion-y-entrenamiento\/curriculos-y-juegos\/\">\u00a1Descarga Aqu\u00ed!<\/a><\/div>\n<\/div>\n\n\n\n<p class=\"has-small-font-size\"><strong>Autora:<\/strong>&nbsp;<a href=\"mailto:dc.palacios10@uniandes.edu.co\">Catalina Palacios<\/a> <strong>\/ Contacto:<\/strong> <a href=\"mailto:info@selva.org.co\">info@selva.org.co<\/a> <strong>\/ Organizaciones:<\/strong>&nbsp;<a href=\"https:\/\/uniandes.edu.co\/es\">Universidad de Los Andes<\/a>, Phylo (The Phylomon Project),&nbsp;<a href=\"http:\/\/selva.org.co\/es\/\">SELVA<\/a><\/p>\n<\/div>\n<\/div>\n<\/li>\n\n\n\n<li class=\"wp-block-birdpress-simple-list-item article-item\">\n<div class=\"wp-block-columns is-layout-flex wp-container-core-columns-is-layout-9d6595d7 wp-block-columns-is-layout-flex\">\n<div class=\"wp-block-column is-layout-flow wp-block-column-is-layout-flow\">\n<figure class=\"wp-block-image size-full\"><img decoding=\"async\" width=\"800\" height=\"1131\" data-src=\"https:\/\/www.birds.cornell.edu\/latam\/wp-content\/uploads\/2021\/08\/Portada-a-puro-vuelo-e1570550967490.jpg\" alt=\"\" class=\"wp-image-952 lazyload\" data-srcset=\"https:\/\/www.birds.cornell.edu\/latam\/wp-content\/uploads\/2021\/08\/Portada-a-puro-vuelo-e1570550967490.jpg 800w, https:\/\/www.birds.cornell.edu\/latam\/wp-content\/uploads\/2021\/08\/Portada-a-puro-vuelo-e1570550967490-720x1018.jpg 720w, https:\/\/www.birds.cornell.edu\/latam\/wp-content\/uploads\/2021\/08\/Portada-a-puro-vuelo-e1570550967490-768x1086.jpg 768w, https:\/\/www.birds.cornell.edu\/latam\/wp-content\/uploads\/2021\/08\/Portada-a-puro-vuelo-e1570550967490-480x679.jpg 480w\" data-sizes=\"(max-width: 800px) 100vw, 800px\" src=\"data:image\/svg+xml;base64,PHN2ZyB3aWR0aD0iMSIgaGVpZ2h0PSIxIiB4bWxucz0iaHR0cDovL3d3dy53My5vcmcvMjAwMC9zdmciPjwvc3ZnPg==\" style=\"--smush-placeholder-width: 800px; --smush-placeholder-aspect-ratio: 800\/1131;\" \/><\/figure>\n<\/div>\n\n\n\n<div class=\"wp-block-column is-layout-flow wp-block-column-is-layout-flow\">\n<h4 class=\"wp-block-heading has-large-font-size\"><strong>A Puro Vuelo<\/strong><\/h4>\n\n\n\n<p>Este juego busaca crear conciencia acerca de las aves que viven en los humedales de Bogot\u00e1 y de sus diferentes e importantes roles en el medioambiente.  <\/p>\n\n\n\n<div class=\"wp-block-buttons is-layout-flex wp-block-buttons-is-layout-flex\">\n<div class=\"wp-block-button\"><a class=\"wp-block-button__link wp-element-button\" href=\"https:\/\/celebrateurbanbirds.org\/wp-content\/uploads\/2019\/10\/Juego-de-Cartas-A-puro-vuelo_2.pdf\">\u00a1Descarga Aqu\u00ed!<\/a><\/div>\n<\/div>\n\n\n\n<p class=\"has-small-font-size\"><strong>Autores:<\/strong>&nbsp;<a href=\"mailto:andres.perezr@uniminuto.edu\">Andr\u00e9s Camilo P\u00e9rez Rodr\u00edguez<\/a>,&nbsp;<a href=\"mailto:esperanza.sepulveda@uniminuto.edu\">Esperanza Sep\u00falveda Rojas<\/a>&nbsp;y&nbsp;<a href=\"mailto:liza.quitian@uniminuto.edu\">Liza Lorena Quitian Ayala<\/a> <strong>\/ Organizaciones:<\/strong>&nbsp;<a href=\"http:\/\/www.uniminuto.edu\/web\/uvd\/licenciatura-ciencias-naturales\">Licenciatura en Educaci\u00f3n B\u00e1sica con \u00c9nfasis en Ciencias Naturales y Educaci\u00f3n Ambiental de UNIMINUTO Virtual y a Distancia<\/a>, Grupo de Investigaci\u00f3n CAYTES \u2013 Ciencia, Ambiente y Turismo Ecologico Sustentable, y Corporaci\u00f3n Universitaria Minuto de Dios \u2013 UNIMINUTO.<\/p>\n<\/div>\n<\/div>\n<\/li>\n\n\n\n<li class=\"wp-block-birdpress-simple-list-item article-item\">\n<div class=\"wp-block-columns is-layout-flex wp-container-core-columns-is-layout-9d6595d7 wp-block-columns-is-layout-flex\">\n<div class=\"wp-block-column is-layout-flow wp-block-column-is-layout-flow\">\n<figure class=\"wp-block-image size-full\"><img decoding=\"async\" width=\"590\" height=\"896\" data-src=\"https:\/\/www.birds.cornell.edu\/latam\/wp-content\/uploads\/2023\/09\/Screenshot-2023-09-10-at-3.46.09-PM.png\" alt=\"\" class=\"wp-image-10377 lazyload\" data-srcset=\"https:\/\/www.birds.cornell.edu\/latam\/wp-content\/uploads\/2023\/09\/Screenshot-2023-09-10-at-3.46.09-PM.png 590w, https:\/\/www.birds.cornell.edu\/latam\/wp-content\/uploads\/2023\/09\/Screenshot-2023-09-10-at-3.46.09-PM-480x729.png 480w\" data-sizes=\"(max-width: 590px) 100vw, 590px\" src=\"data:image\/svg+xml;base64,PHN2ZyB3aWR0aD0iMSIgaGVpZ2h0PSIxIiB4bWxucz0iaHR0cDovL3d3dy53My5vcmcvMjAwMC9zdmciPjwvc3ZnPg==\" style=\"--smush-placeholder-width: 590px; --smush-placeholder-aspect-ratio: 590\/896;\" \/><\/figure>\n<\/div>\n\n\n\n<div class=\"wp-block-column is-layout-flow wp-block-column-is-layout-flow\">\n<h2 class=\"wp-block-heading\"><strong>Loter\u00eda de Aves<\/strong><\/h2>\n\n\n\n<p>\u00a1Este juego es una loter\u00eda de aves! Los jugadores primero deben recortar las im\u00e1genes individuales de las aves para formar sus cartillas y luego pegarlas en un trozo de cart\u00f3n. La cantidad de aves por cartilla la decides t\u00fa, pero lo ideal probablemente sea entre 6 y 10. Cada cartilla debe de tener aves \u00fanicas para garantizar que ning\u00fan jugador tenga las mismas aves que otro. La forma en cu\u00e1l marcas las aves que ganas durante el juego, ya sea que uses un marcador o elijas recortar trozos de papel como fichas, depende de ti. El resto del juego funciona igual que en una loter\u00eda tradicional. Hay alguien que va cantando las aves y los jugadores ir\u00e1n marcando su cartilla con fichas hasta llegar a una fila de aves en vertical, horizontal o diagonal que cubra toda la cartilla. La primera persona en crear esta fila habr\u00e1 ganado.&nbsp;<\/p>\n\n\n\n<div class=\"wp-block-buttons is-layout-flex wp-block-buttons-is-layout-flex\">\n<div class=\"wp-block-button\"><a class=\"wp-block-button__link wp-element-button\" href=\"http:\/\/birds.cornell.edu\/latam\/wp-content\/uploads\/2023\/09\/download.pdf\">\u00a1Descarga Aqu\u00ed!<\/a><\/div>\n<\/div>\n\n\n\n<p class=\"has-small-font-size\"><strong>Autora:<\/strong> Astrid Linares Lozano<\/p>\n<\/div>\n<\/div>\n<\/li>\n<\/ul><\/div>\n\n\n\n<hr class=\"wp-block-separator has-css-opacity\"\/>\n\n\n\n<h3 class=\"wp-block-heading\" id=\"Curriculums\"><strong>Gu\u00edas de actividades y curr\u00edculos para educadores<\/strong><\/h3>\n\n\n\n<div class=\"wp-block-birdpress-simple-list article-list simple-list list-style\"><ul>\n<li class=\"wp-block-birdpress-simple-list-item article-item\">\n<div class=\"wp-block-columns is-layout-flex wp-container-core-columns-is-layout-9d6595d7 wp-block-columns-is-layout-flex\">\n<div class=\"wp-block-column is-layout-flow wp-block-column-is-layout-flow\">\n<figure class=\"wp-block-image size-full\"><img decoding=\"async\" width=\"600\" height=\"600\" data-src=\"https:\/\/www.birds.cornell.edu\/latam\/wp-content\/uploads\/2021\/08\/Bird-Expeditionary-Guide-Cover-600x600-1.png\" alt=\"\" class=\"wp-image-955 lazyload\" data-srcset=\"https:\/\/www.birds.cornell.edu\/latam\/wp-content\/uploads\/2021\/08\/Bird-Expeditionary-Guide-Cover-600x600-1.png 600w, https:\/\/www.birds.cornell.edu\/latam\/wp-content\/uploads\/2021\/08\/Bird-Expeditionary-Guide-Cover-600x600-1-480x480.png 480w\" data-sizes=\"(max-width: 600px) 100vw, 600px\" src=\"data:image\/svg+xml;base64,PHN2ZyB3aWR0aD0iMSIgaGVpZ2h0PSIxIiB4bWxucz0iaHR0cDovL3d3dy53My5vcmcvMjAwMC9zdmciPjwvc3ZnPg==\" style=\"--smush-placeholder-width: 600px; --smush-placeholder-aspect-ratio: 600\/600;\" \/><\/figure>\n<\/div>\n\n\n\n<div class=\"wp-block-column is-layout-flow wp-block-column-is-layout-flow\">\n<h4 class=\"wp-block-heading\"><strong>Gu\u00eda para expedicionarios de aves<\/strong><\/h4>\n\n\n\n<p>Esta entretenida gu\u00eda de actividades fue creada para que ni\u00f1os y ni\u00f1as salgan a explorar y aprender m\u00e1s acerca de aves y c\u00f3mo observarlas en detalle, mientras disfrutan de estar en contacto con la naturaleza. <\/p>\n\n\n\n<div class=\"wp-block-buttons is-layout-flex wp-block-buttons-is-layout-flex\">\n<div class=\"wp-block-button\"><a class=\"wp-block-button__link wp-element-button\" href=\"https:\/\/aprendiendoalairelibre.org\/wp-content\/uploads\/sites\/16\/2020\/10\/REC-AVISTAMIENTO-DE-AVES-FINAL-1.pdf\">\u00a1Descarga Aqu\u00ed!<\/a><\/div>\n<\/div>\n\n\n\n<p class=\"has-small-font-size\"><strong>Organizaciones:<\/strong>&nbsp;Expediciones BIO, \u201cAlas, Cantos y Colores\u201d,&nbsp;<a href=\"http:\/\/www.humboldt.org.co\/es\">Alexander von Humboldt Institute<\/a>,&nbsp;<a href=\"http:\/\/ciencias.bogota.unal.edu.co\/departamentos\/instituto-de-ciencias-naturales\/el-instituto\/\">Instituto de Ciencias Naturales de la Universidad Nacional<\/a>,&nbsp;<a href=\"https:\/\/www.growcolombia.org\/es\/nuestro-trabajo\/\">Grow Colombia<\/a>&nbsp;y&nbsp;<a href=\"https:\/\/unitedwaycolombia.org\/\">United Way Colombia<\/a> <strong>\/ Contacto:<\/strong>&nbsp;<a href=\"mailto:nnino@humboldt.org.co\">Nelsy Ni\u00f1o-Rodr\u00edguez<\/a><\/p>\n<\/div>\n<\/div>\n<\/li>\n\n\n\n<li class=\"wp-block-birdpress-simple-list-item article-item\">\n<div class=\"wp-block-columns is-layout-flex wp-container-core-columns-is-layout-9d6595d7 wp-block-columns-is-layout-flex\">\n<div class=\"wp-block-column is-layout-flow wp-block-column-is-layout-flow\">\n<figure class=\"wp-block-image size-large\"><img decoding=\"async\" width=\"1280\" height=\"961\" data-src=\"https:\/\/www.birds.cornell.edu\/latam\/wp-content\/uploads\/2021\/08\/CurriculoSELVA-1-1920x1441-1-1280x961.jpg\" alt=\"\" class=\"wp-image-957 lazyload\" data-srcset=\"https:\/\/www.birds.cornell.edu\/latam\/wp-content\/uploads\/2021\/08\/CurriculoSELVA-1-1920x1441-1-1280x961.jpg 1280w, https:\/\/www.birds.cornell.edu\/latam\/wp-content\/uploads\/2021\/08\/CurriculoSELVA-1-1920x1441-1-720x540.jpg 720w, https:\/\/www.birds.cornell.edu\/latam\/wp-content\/uploads\/2021\/08\/CurriculoSELVA-1-1920x1441-1-240x180.jpg 240w, https:\/\/www.birds.cornell.edu\/latam\/wp-content\/uploads\/2021\/08\/CurriculoSELVA-1-1920x1441-1-768x576.jpg 768w, https:\/\/www.birds.cornell.edu\/latam\/wp-content\/uploads\/2021\/08\/CurriculoSELVA-1-1920x1441-1-1536x1153.jpg 1536w, https:\/\/www.birds.cornell.edu\/latam\/wp-content\/uploads\/2021\/08\/CurriculoSELVA-1-1920x1441-1-480x360.jpg 480w, https:\/\/www.birds.cornell.edu\/latam\/wp-content\/uploads\/2021\/08\/CurriculoSELVA-1-1920x1441-1.jpg 1920w\" data-sizes=\"(max-width: 1280px) 100vw, 1280px\" src=\"data:image\/svg+xml;base64,PHN2ZyB3aWR0aD0iMSIgaGVpZ2h0PSIxIiB4bWxucz0iaHR0cDovL3d3dy53My5vcmcvMjAwMC9zdmciPjwvc3ZnPg==\" style=\"--smush-placeholder-width: 1280px; --smush-placeholder-aspect-ratio: 1280\/961;\" \/><\/figure>\n<\/div>\n\n\n\n<div class=\"wp-block-column is-layout-flow wp-block-column-is-layout-flow\">\n<h4 class=\"wp-block-heading\"><strong>Curr\u00edculo de educaci\u00f3n para primaria: La semana de la biodiversidad<\/strong><\/h4>\n\n\n\n<p>El curr\u00edculo incluye un manual para educadores y cartillas para desarrollar actividades acerca de aves y mariposas. Cada actividad cumple con los est\u00e1ndares del ministerio de educaci\u00f3n para las ciencias, matem\u00e1ticas, arte, espa\u00f1ol, educaci\u00f3n f\u00edsica, entre otros.&nbsp;<\/p>\n\n\n\n<div class=\"wp-block-buttons is-layout-flex wp-block-buttons-is-layout-flex\">\n<div class=\"wp-block-button\"><a class=\"wp-block-button__link wp-element-button\" href=\"https:\/\/www.selva.org.co\/?jet_download=2810\">\u00a1Descarga Aqu\u00ed!<\/a><\/div>\n<\/div>\n\n\n\n<p class=\"has-small-font-size\"><strong>Autores:<\/strong>&nbsp;<a href=\"mailto:info@selva.org.co\">Natalia Sanz de Santamaria<\/a>,&nbsp;<a href=\"mailto:info@selva.org.co\">Camila Gomez<\/a>,&nbsp;<a href=\"mailto:info@selva.org.co\">Mateo Hernandez<\/a>&nbsp;y&nbsp;<a href=\"mailto:info@selva.org.co\">Zoraya Buitrago<\/a> <strong>\/ Contacto:<\/strong> info@selva.org.co <strong>\/ Organizaciones:<\/strong>&nbsp;<a href=\"http:\/\/selva.org.co\/es\/\">SELVA<\/a>&nbsp;y&nbsp;<a href=\"https:\/\/opepa.org\/\">OpEPA<\/a><\/p>\n<\/div>\n<\/div>\n<\/li>\n\n\n\n<li class=\"wp-block-birdpress-simple-list-item article-item\">\n<div class=\"wp-block-columns is-layout-flex wp-container-core-columns-is-layout-9d6595d7 wp-block-columns-is-layout-flex\">\n<div class=\"wp-block-column is-layout-flow wp-block-column-is-layout-flow\">\n<figure class=\"wp-block-image size-full\"><img decoding=\"async\" width=\"296\" height=\"462\" data-src=\"https:\/\/www.birds.cornell.edu\/latam\/wp-content\/uploads\/2021\/08\/Screen-Shot-2021-08-24-at-8.57.09-PM.png\" alt=\"\" class=\"wp-image-1050 lazyload\" src=\"data:image\/svg+xml;base64,PHN2ZyB3aWR0aD0iMSIgaGVpZ2h0PSIxIiB4bWxucz0iaHR0cDovL3d3dy53My5vcmcvMjAwMC9zdmciPjwvc3ZnPg==\" style=\"--smush-placeholder-width: 296px; --smush-placeholder-aspect-ratio: 296\/462;\" \/><\/figure>\n<\/div>\n\n\n\n<div class=\"wp-block-column is-layout-flow wp-block-column-is-layout-flow\">\n<h4 class=\"wp-block-heading\"><strong>Volando vienen, volando van \u2013 Conservaci\u00f3n de las aves de R\u00edo Blanco y Manizales<\/strong><\/h4>\n\n\n\n<p>Libro de actividades de educaci\u00f3n ambiental para educadores de la regi\u00f3n de R\u00edo Blanco y municipio de Manizales. Contiene actividades, fichas informativas, hojas de trabajo, rese\u00f1as y dibujos de las aves de la regi\u00f3n para crear conciencia acerca de la biodiversidad local y la responsabilidad ambiental. <\/p>\n\n\n\n<div class=\"wp-block-buttons is-layout-flex wp-block-buttons-is-layout-flex\">\n<div class=\"wp-block-button\"><a class=\"wp-block-button__link wp-element-button\" href=\"https:\/\/www.birds.cornell.edu\/latam\/wp-content\/uploads\/2026\/01\/Volando-vienen-volando-van.-Conservacion_aves_rio_Blanco_y_Manizales-1.pdf\">\u00a1Descarga Aqu\u00ed!<\/a><\/div>\n<\/div>\n\n\n\n<p class=\"has-small-font-size\"><strong>Autores:<\/strong>&nbsp;<a href=\"mailto:ccdevenish@hotmail.com\">Christian Devenish<\/a>&nbsp;y&nbsp;<a href=\"mailto:dianaestherarzuza@yahoo.com\">Diana Arzuza Buelvas<\/a><\/p>\n<\/div>\n<\/div>\n<\/li>\n<\/ul><\/div>\n\n\n\n<hr class=\"wp-block-separator has-css-opacity\"\/>\n\n\n\n<h2 class=\"wp-block-heading\" id=\"libros\"><strong>Libros y otros materiales de divulgaci\u00f3n<\/strong><\/h2>\n\n\n\n<div class=\"wp-block-birdpress-simple-list article-list simple-list list-style\"><ul>\n<li class=\"wp-block-birdpress-simple-list-item article-item\">\n<div class=\"wp-block-columns is-layout-flex wp-container-core-columns-is-layout-9d6595d7 wp-block-columns-is-layout-flex\">\n<div class=\"wp-block-column is-layout-flow wp-block-column-is-layout-flow\">\n<figure class=\"wp-block-image size-full\"><img decoding=\"async\" width=\"794\" height=\"1123\" data-src=\"https:\/\/www.birds.cornell.edu\/latam\/wp-content\/uploads\/2021\/08\/ornitologuia-portada-final.jpg\" alt=\"\" class=\"wp-image-960 lazyload\" data-srcset=\"https:\/\/www.birds.cornell.edu\/latam\/wp-content\/uploads\/2021\/08\/ornitologuia-portada-final.jpg 794w, https:\/\/www.birds.cornell.edu\/latam\/wp-content\/uploads\/2021\/08\/ornitologuia-portada-final-720x1018.jpg 720w, https:\/\/www.birds.cornell.edu\/latam\/wp-content\/uploads\/2021\/08\/ornitologuia-portada-final-768x1086.jpg 768w, https:\/\/www.birds.cornell.edu\/latam\/wp-content\/uploads\/2021\/08\/ornitologuia-portada-final-480x679.jpg 480w\" data-sizes=\"(max-width: 794px) 100vw, 794px\" src=\"data:image\/svg+xml;base64,PHN2ZyB3aWR0aD0iMSIgaGVpZ2h0PSIxIiB4bWxucz0iaHR0cDovL3d3dy53My5vcmcvMjAwMC9zdmciPjwvc3ZnPg==\" style=\"--smush-placeholder-width: 794px; --smush-placeholder-aspect-ratio: 794\/1123;\" \/><\/figure>\n<\/div>\n\n\n\n<div class=\"wp-block-column is-layout-flow wp-block-column-is-layout-flow\">\n<h4 class=\"wp-block-heading\"><strong>Ornitologu\u00eda, Una Aproximaci\u00f3n a las Aves de Humedal<\/strong><\/h4>\n\n\n\n<p>Revisa las partes del cuerpo de las aves de pico a plumas  y enterarate de los roles ecol\u00f3gicos y comportamientos de 40 especies de aves que se encuentran en los humedales de Bogot\u00e1. Seas un observador de aves novato o experto, disfrutar\u00e1s del contenido de este libro digital. Puedes encontrarlo a pie de p\u00e1gina del siguiente enlace. <strong>El libro digital se encuentra a pie de p\u00e1gina si sigues el enlace<\/strong>.<\/p>\n\n\n\n<div class=\"wp-block-buttons is-layout-flex wp-block-buttons-is-layout-flex\">\n<div class=\"wp-block-button\"><a class=\"wp-block-button__link wp-element-button\" href=\"https:\/\/repository.uniminuto.edu\/handle\/10656\/6263?show=full\">\u00a1Descarga Aqu\u00ed!<\/a><\/div>\n<\/div>\n\n\n\n<p class=\"has-small-font-size\"><strong>Autores:<\/strong>&nbsp;<a href=\"mailto:esperanza.sepulveda@uniminuto.edu\">Esperanza Sep\u00falveda Rojas<\/a>,&nbsp;<a href=\"mailto:juan.mendoza@uniminuto.edu\">Juan Carlos Mendoza Mendoza<\/a>&nbsp;y&nbsp;<a href=\"mailto:andres.perezr@uniminuto.edu\">Andr\u00e9s Camilo P\u00e9rez Rodr\u00edguez<\/a> <strong>\/ Organizaciones:<\/strong>&nbsp;<a href=\"http:\/\/www.uniminuto.edu\/web\/uvd\/licenciatura-ciencias-naturales\">Licenciatura en Educaci\u00f3n B\u00e1sica con \u00c9nfasis en Ciencias Naturales y Educaci\u00f3n Ambiental de UNIMINUTO Virtual y a Distancia<\/a>, Grupo de Investigaci\u00f3n CAYTES \u2013 Ciencia, Ambiente y Turismo Ecologico Sustentable, Corporaci\u00f3n Universitaria Minuto de Dios \u2013 UNIMINUTO<\/p>\n<\/div>\n<\/div>\n<\/li>\n\n\n\n<li class=\"wp-block-birdpress-simple-list-item article-item\">\n<div class=\"wp-block-columns is-layout-flex wp-container-core-columns-is-layout-9d6595d7 wp-block-columns-is-layout-flex\">\n<div class=\"wp-block-column is-layout-flow wp-block-column-is-layout-flow\">\n<figure class=\"wp-block-image size-full\"><img decoding=\"async\" width=\"1198\" height=\"984\" data-src=\"https:\/\/www.birds.cornell.edu\/latam\/wp-content\/uploads\/2021\/08\/Screen-Shot-2019-11-04-at-12.46.30-PM-e1572890073798.jpg\" alt=\"\" class=\"wp-image-966 lazyload\" data-srcset=\"https:\/\/www.birds.cornell.edu\/latam\/wp-content\/uploads\/2021\/08\/Screen-Shot-2019-11-04-at-12.46.30-PM-e1572890073798.jpg 1198w, https:\/\/www.birds.cornell.edu\/latam\/wp-content\/uploads\/2021\/08\/Screen-Shot-2019-11-04-at-12.46.30-PM-e1572890073798-720x591.png 720w, https:\/\/www.birds.cornell.edu\/latam\/wp-content\/uploads\/2021\/08\/Screen-Shot-2019-11-04-at-12.46.30-PM-e1572890073798-768x631.png 768w, https:\/\/www.birds.cornell.edu\/latam\/wp-content\/uploads\/2021\/08\/Screen-Shot-2019-11-04-at-12.46.30-PM-e1572890073798-480x394.png 480w\" data-sizes=\"(max-width: 1198px) 100vw, 1198px\" src=\"data:image\/svg+xml;base64,PHN2ZyB3aWR0aD0iMSIgaGVpZ2h0PSIxIiB4bWxucz0iaHR0cDovL3d3dy53My5vcmcvMjAwMC9zdmciPjwvc3ZnPg==\" style=\"--smush-placeholder-width: 1198px; --smush-placeholder-aspect-ratio: 1198\/984;\" \/><\/figure>\n<\/div>\n\n\n\n<div class=\"wp-block-column is-layout-flow wp-block-column-is-layout-flow\">\n<h4 class=\"wp-block-heading\"><strong>Aves Rapaces en arrozales del valle geogr\u00e1fico del R\u00edo Cauca<\/strong><\/h4>\n\n\n\n<p>Publicaci\u00f3n acerca de las aves rapaces que se encuentran en arrozales de cultivo biol\u00f3gicos en el Valle del R\u00edo Cauca.&nbsp;<\/p>\n\n\n\n<div class=\"wp-block-buttons is-layout-flex wp-block-buttons-is-layout-flex\">\n<div class=\"wp-block-button\"><a class=\"wp-block-button__link wp-element-button\" href=\"http:\/\/calidris.org.co\/wp-content\/uploads\/2015\/02\/aves_rapaces.pdf\">\u00a1Descarga Aqu\u00ed!<\/a><\/div>\n<\/div>\n\n\n\n<p class=\"has-small-font-size\"><strong>Autores:<\/strong>&nbsp;Y. Cifuentes Sarmiento, L.A. Neira, L.F. Castillo y J. Suarez Valbuena <strong>\/ Contacto:<\/strong><a href=\"http:\/\/calidris.org\/\">&nbsp;Asociaci\u00f3n Calidris<\/a> <strong>\/ Organizaciones:<\/strong>&nbsp;<a href=\"http:\/\/calidris.org\/\">Asociaci\u00f3n Calidris<\/a>&nbsp;y Arrocera la Esmeralda S.A.<\/p>\n<\/div>\n<\/div>\n<\/li>\n\n\n\n<li class=\"wp-block-birdpress-simple-list-item article-item\">\n<div class=\"wp-block-columns is-layout-flex wp-container-core-columns-is-layout-9d6595d7 wp-block-columns-is-layout-flex\">\n<div class=\"wp-block-column is-layout-flow wp-block-column-is-layout-flow\">\n<figure class=\"wp-block-image size-full\"><img decoding=\"async\" width=\"1178\" height=\"1131\" data-src=\"https:\/\/www.birds.cornell.edu\/latam\/wp-content\/uploads\/2021\/08\/Screen-Shot-2019-11-04-at-12.43.58-PM-e1572890123871.jpg\" alt=\"\" class=\"wp-image-968 lazyload\" data-srcset=\"https:\/\/www.birds.cornell.edu\/latam\/wp-content\/uploads\/2021\/08\/Screen-Shot-2019-11-04-at-12.43.58-PM-e1572890123871.jpg 1178w, https:\/\/www.birds.cornell.edu\/latam\/wp-content\/uploads\/2021\/08\/Screen-Shot-2019-11-04-at-12.43.58-PM-e1572890123871-720x691.png 720w, https:\/\/www.birds.cornell.edu\/latam\/wp-content\/uploads\/2021\/08\/Screen-Shot-2019-11-04-at-12.43.58-PM-e1572890123871-768x737.png 768w, https:\/\/www.birds.cornell.edu\/latam\/wp-content\/uploads\/2021\/08\/Screen-Shot-2019-11-04-at-12.43.58-PM-e1572890123871-480x461.png 480w\" data-sizes=\"(max-width: 1178px) 100vw, 1178px\" src=\"data:image\/svg+xml;base64,PHN2ZyB3aWR0aD0iMSIgaGVpZ2h0PSIxIiB4bWxucz0iaHR0cDovL3d3dy53My5vcmcvMjAwMC9zdmciPjwvc3ZnPg==\" style=\"--smush-placeholder-width: 1178px; --smush-placeholder-aspect-ratio: 1178\/1131;\" \/><\/figure>\n<\/div>\n\n\n\n<div class=\"wp-block-column is-layout-flow wp-block-column-is-layout-flow\">\n<h4 class=\"wp-block-heading\"><strong>Las alas del arroz: Aves acu\u00e1ticas en cultivos ecoamigables del Valle del Cauca<\/strong><\/h4>\n\n\n\n<p>Publicaci\u00f3n acerca de las aves acu\u00e1ticas que se encuentran en cultivos biol\u00f3gicos de arroz en el Valle del Cauca.&nbsp;<\/p>\n\n\n\n<div class=\"wp-block-buttons is-layout-flex wp-block-buttons-is-layout-flex\">\n<div class=\"wp-block-button\"><a class=\"wp-block-button__link wp-element-button\" href=\"http:\/\/calidris.org.co\/wp-content\/uploads\/2016\/05\/alas_del_arroz.pdf\">\u00a1Descarga Aqu\u00ed!<\/a><\/div>\n<\/div>\n\n\n\n<p class=\"has-small-font-size\"><strong>Autores:<\/strong>&nbsp;Y.Cifuentes Sarmiento y L. F. Castillo Cort\u00e9s <strong>\/ Contacto:<\/strong> <a href=\"http:\/\/calidris.org\/\">Asociaci\u00f3n Calidris<\/a> <strong>\/ Organizaciones:<\/strong>&nbsp;<a href=\"http:\/\/calidris.org\/\">Asociaci\u00f3n Calidris<\/a>&nbsp;y Arrocera la Esmeralda S.A.<\/p>\n<\/div>\n<\/div>\n<\/li>\n\n\n\n<li class=\"wp-block-birdpress-simple-list-item article-item\">\n<div class=\"wp-block-columns is-layout-flex wp-container-core-columns-is-layout-9d6595d7 wp-block-columns-is-layout-flex\">\n<div class=\"wp-block-column is-layout-flow wp-block-column-is-layout-flow\">\n<figure class=\"wp-block-image size-full\"><img decoding=\"async\" width=\"756\" height=\"1056\" data-src=\"https:\/\/www.birds.cornell.edu\/latam\/wp-content\/uploads\/2021\/08\/Screen-Shot-2021-08-24-at-8.19.32-PM.jpg\" alt=\"\" class=\"wp-image-1034 lazyload\" data-srcset=\"https:\/\/www.birds.cornell.edu\/latam\/wp-content\/uploads\/2021\/08\/Screen-Shot-2021-08-24-at-8.19.32-PM.jpg 756w, https:\/\/www.birds.cornell.edu\/latam\/wp-content\/uploads\/2021\/08\/Screen-Shot-2021-08-24-at-8.19.32-PM-720x1006-1.jpg 720w, https:\/\/www.birds.cornell.edu\/latam\/wp-content\/uploads\/2021\/08\/Screen-Shot-2021-08-24-at-8.19.32-PM-480x670-1.jpg 480w\" data-sizes=\"(max-width: 756px) 100vw, 756px\" src=\"data:image\/svg+xml;base64,PHN2ZyB3aWR0aD0iMSIgaGVpZ2h0PSIxIiB4bWxucz0iaHR0cDovL3d3dy53My5vcmcvMjAwMC9zdmciPjwvc3ZnPg==\" style=\"--smush-placeholder-width: 756px; --smush-placeholder-aspect-ratio: 756\/1056;\" \/><\/figure>\n<\/div>\n\n\n\n<div class=\"wp-block-column is-layout-flow wp-block-column-is-layout-flow\">\n<h4 class=\"wp-block-heading\">Las Aves de Mi Ciudad<\/h4>\n\n\n\n<p>El prop\u00f3sitode esta gu\u00eda es promover la participaci\u00f3ncomunitaria en la conservaci\u00f3n de las aves y sus h\u00e1bitats en \u00e1reas urbanas. Gu\u00eda did\u00e1ctica para el reconocimiento de la riqueza de la avifauna de la ciudad de Cali. <\/p>\n\n\n\n<div class=\"wp-block-buttons is-layout-flex wp-block-buttons-is-layout-flex\">\n<div class=\"wp-block-button\"><a class=\"wp-block-button__link wp-element-button\" href=\"http:\/\/www.cali.gov.co\/documentos\/2256\/libro-las-aves-de-mi-ciudad\/\">\u00a1Descarga Aqu\u00ed!<\/a><\/div>\n<\/div>\n\n\n\n<p class=\"has-small-font-size\"><strong>Autores:<\/strong>&nbsp;Luis Fernando Castillo, Patricia Falk-Fernandez, Felipe Estela y Karolina <strong>\/ Contacto:<\/strong> <a href=\"http:\/\/calidris.org\/\">Asociaci\u00f3n Calidris<\/a> <strong>\/ Organizaciones:<\/strong>&nbsp;<a href=\"http:\/\/calidris.org\/\">Asociaci\u00f3n Calidris<\/a>&nbsp;y la Alcaldia de Santiago de Cali, Departamento Administrativo de Gestion del Medio Ambiete \u2013 DAGMA<\/p>\n<\/div>\n<\/div>\n<\/li>\n\n\n\n<li class=\"wp-block-birdpress-simple-list-item article-item\">\n<div class=\"wp-block-columns is-layout-flex wp-container-core-columns-is-layout-9d6595d7 wp-block-columns-is-layout-flex\">\n<div class=\"wp-block-column is-layout-flow wp-block-column-is-layout-flow\">\n<figure class=\"wp-block-image size-large\"><img decoding=\"async\" width=\"1280\" height=\"889\" data-src=\"https:\/\/www.birds.cornell.edu\/latam\/wp-content\/uploads\/2021\/08\/Screen-Shot-2021-08-24-at-8.22.33-PM-1280x889.png\" alt=\"\" class=\"wp-image-1037 lazyload\" data-srcset=\"https:\/\/www.birds.cornell.edu\/latam\/wp-content\/uploads\/2021\/08\/Screen-Shot-2021-08-24-at-8.22.33-PM-1280x889.png 1280w, https:\/\/www.birds.cornell.edu\/latam\/wp-content\/uploads\/2021\/08\/Screen-Shot-2021-08-24-at-8.22.33-PM-720x500.png 720w, https:\/\/www.birds.cornell.edu\/latam\/wp-content\/uploads\/2021\/08\/Screen-Shot-2021-08-24-at-8.22.33-PM-768x534.png 768w, https:\/\/www.birds.cornell.edu\/latam\/wp-content\/uploads\/2021\/08\/Screen-Shot-2021-08-24-at-8.22.33-PM-480x334.png 480w, https:\/\/www.birds.cornell.edu\/latam\/wp-content\/uploads\/2021\/08\/Screen-Shot-2021-08-24-at-8.22.33-PM.png 1468w\" data-sizes=\"(max-width: 1280px) 100vw, 1280px\" src=\"data:image\/svg+xml;base64,PHN2ZyB3aWR0aD0iMSIgaGVpZ2h0PSIxIiB4bWxucz0iaHR0cDovL3d3dy53My5vcmcvMjAwMC9zdmciPjwvc3ZnPg==\" style=\"--smush-placeholder-width: 1280px; --smush-placeholder-aspect-ratio: 1280\/889;\" \/><\/figure>\n<\/div>\n\n\n\n<div class=\"wp-block-column is-layout-flow wp-block-column-is-layout-flow\">\n<h4 class=\"wp-block-heading\"><strong>Manual para el Monitoreo de Aves Migratorias<\/strong><\/h4>\n\n\n\n<p>Este manual tiene como meta la conservaci\u00f3n de las aves migratorias neotropicales y sus ecosistemas naturales. <\/p>\n\n\n\n<div class=\"wp-block-buttons is-layout-flex wp-block-buttons-is-layout-flex\">\n<div class=\"wp-block-button\"><a class=\"wp-block-button__link wp-element-button\" href=\"https:\/\/celebrateurbanbirds.org\/wp-content\/uploads\/2019\/10\/Manual-Monitoreo-Aves-Migratorias.pdf\">\u00a1Descarga Aqu\u00ed!<\/a><\/div>\n<\/div>\n\n\n\n<div class=\"wp-block-group is-vertical is-layout-flex wp-container-core-group-is-layout-8cf370e7 wp-block-group-is-layout-flex\">\n<div class=\"wp-block-group is-layout-constrained wp-block-group-is-layout-constrained\">\n<p class=\"has-small-font-size\"><strong>Autores:<\/strong>&nbsp;Isadora Angarita Mart\u00ednez, Daniel Arbel\u00e1ez Alvarado y Luis Germ\u00e1n Naranjo <strong>\/ Editores:<\/strong>&nbsp;Karina Galeano M., Julio Mario Fern\u00e1ndez, Carmen Ana Dereix, Oscar Alzate A., Luis Germ\u00e1n Naranjo y Luis Felipe Ord\u00f3\u00f1ez <strong>\/ Organizationes:<\/strong>&nbsp;<a href=\"http:\/\/asociacioncolombianadeornitologia.org\/\">Asociaci\u00f3n Red Colombiana de Reservas Naturales de la Sociedad Civil<\/a>,&nbsp;<a href=\"https:\/\/calidris.org.co\/\">Asociaci\u00f3n para el Estudio y la Conservaci\u00f3n de las Aves Acu\u00e1ticas en Colombia \u2013 Calidris<\/a> y&nbsp;<a href=\"https:\/\/www.wwf.org.co\/\">WWF Colombia<\/a><\/p>\n<\/div>\n<\/div>\n<\/div>\n<\/div>\n<\/li>\n\n\n\n<li class=\"wp-block-birdpress-simple-list-item article-item\">\n<div class=\"wp-block-columns is-layout-flex wp-container-core-columns-is-layout-9d6595d7 wp-block-columns-is-layout-flex\">\n<div class=\"wp-block-column is-layout-flow wp-block-column-is-layout-flow\">\n<figure class=\"wp-block-image size-full\"><img decoding=\"async\" width=\"563\" height=\"535\" data-src=\"https:\/\/www.birds.cornell.edu\/latam\/wp-content\/uploads\/2021\/08\/Screen-Shot-2020-03-23-at-10.10.50-PM.jpg\" alt=\"\" class=\"wp-image-973 lazyload\" data-srcset=\"https:\/\/www.birds.cornell.edu\/latam\/wp-content\/uploads\/2021\/08\/Screen-Shot-2020-03-23-at-10.10.50-PM.jpg 563w, https:\/\/www.birds.cornell.edu\/latam\/wp-content\/uploads\/2021\/08\/Screen-Shot-2020-03-23-at-10.10.50-PM-480x456.png 480w\" data-sizes=\"(max-width: 563px) 100vw, 563px\" src=\"data:image\/svg+xml;base64,PHN2ZyB3aWR0aD0iMSIgaGVpZ2h0PSIxIiB4bWxucz0iaHR0cDovL3d3dy53My5vcmcvMjAwMC9zdmciPjwvc3ZnPg==\" style=\"--smush-placeholder-width: 563px; --smush-placeholder-aspect-ratio: 563\/535;\" \/><\/figure>\n<\/div>\n\n\n\n<div class=\"wp-block-column is-layout-flow wp-block-column-is-layout-flow\">\n<h4 class=\"wp-block-heading\">Bosque Seco Especial: Gu\u00eda de Especies <\/h4>\n\n\n\n<p>El prop\u00f3sito de este libro es documentar el estado actual de conservaci\u00f3n de la biodiversidad del bosque seco colombiano en La Guajira, Bol\u00edvar, C\u00e9sar, Tolima, Valle de Cauca y Huila y promover el valor de la identificaci\u00f3n de las especies, la conservaci\u00f3n y el bienestar de las comunidades bajo contextos hist\u00f3ricos de transformaci\u00f3n y uso del territorio. <strong>A mano izquierda, en la p\u00e1gina del siguiente enlace, encontrar\u00e1s el documento que se llama \u201cBST baja.pdf\u201d para ver o descargar.<\/strong><\/p>\n\n\n\n<div class=\"wp-block-buttons is-layout-flex wp-block-buttons-is-layout-flex\">\n<div class=\"wp-block-button\"><a class=\"wp-block-button__link wp-element-button\" href=\"http:\/\/repository.humboldt.org.co\/handle\/20.500.11761\/35305\">\u00a1Descarga Aqu\u00ed!<\/a><\/div>\n<\/div>\n\n\n\n<div class=\"wp-block-group is-layout-constrained wp-block-group-is-layout-constrained\">\n<p class=\"has-small-font-size\"><strong>Autores:<\/strong>&nbsp;Alma Hern\u00e1ndez, Rafael Achury, Jos\u00e9 Aguilar, Luisa Ardila, Paula Caycedo-Rosales, Ang\u00e9lica D\u00edaz Pulido, Marcia Mu\u00f1oz, Susana Rodr\u00edguez-Burit\u00edca, Roy Gonz\u00e1lez <strong>\/ Organizaciones:<\/strong>&nbsp;<a href=\"http:\/\/www.humboldt.org.co\/es\/\">Instituto de Investigaci\u00f3n de Recursos Biol\u00f3gicos Alexander von Humboldt<\/a><\/p>\n<\/div>\n<\/div>\n<\/div>\n<\/li>\n\n\n\n<li class=\"wp-block-birdpress-simple-list-item article-item\">\n<div class=\"wp-block-columns is-layout-flex wp-container-core-columns-is-layout-9d6595d7 wp-block-columns-is-layout-flex\">\n<div class=\"wp-block-column is-layout-flow wp-block-column-is-layout-flow\">\n<figure class=\"wp-block-image size-full\"><img decoding=\"async\" width=\"504\" height=\"630\" data-src=\"https:\/\/www.birds.cornell.edu\/latam\/wp-content\/uploads\/2021\/08\/Screen-Shot-2020-03-23-at-10.04.48-PM.png\" alt=\"\" class=\"wp-image-976 lazyload\" data-srcset=\"https:\/\/www.birds.cornell.edu\/latam\/wp-content\/uploads\/2021\/08\/Screen-Shot-2020-03-23-at-10.04.48-PM.png 504w, https:\/\/www.birds.cornell.edu\/latam\/wp-content\/uploads\/2021\/08\/Screen-Shot-2020-03-23-at-10.04.48-PM-480x600.png 480w\" data-sizes=\"(max-width: 504px) 100vw, 504px\" src=\"data:image\/svg+xml;base64,PHN2ZyB3aWR0aD0iMSIgaGVpZ2h0PSIxIiB4bWxucz0iaHR0cDovL3d3dy53My5vcmcvMjAwMC9zdmciPjwvc3ZnPg==\" style=\"--smush-placeholder-width: 504px; --smush-placeholder-aspect-ratio: 504\/630;\" \/><\/figure>\n<\/div>\n\n\n\n<div class=\"wp-block-column is-layout-flow wp-block-column-is-layout-flow\">\n<h4 class=\"wp-block-heading\">Especies de Aves Focales de Cundinamarca: Estrategias para la conservaci\u00f3n<\/h4>\n\n\n\n<p>Ent\u00e9rate de las especies de aves focales de Cundinamarca, y lo que ellas pueden decirnos de la salud de sus ecosistemas. La meta es promover la observaci\u00f3n de aves y promover acciones concretas por las aves y la conservaci\u00f3n de sus ecosistemas. <strong>A mano izquierda en la p\u00e1gina del siguiente enlace, encontrar\u00e1s el documento que se llama \u201c160.pdf\u201d para ver o descargar.<\/strong><\/p>\n\n\n\n<div class=\"wp-block-buttons is-layout-flex wp-block-buttons-is-layout-flex\">\n<div class=\"wp-block-button\"><a class=\"wp-block-button__link wp-element-button\" href=\"http:\/\/repository.humboldt.org.co\/handle\/20.500.11761\/31391\">\u00a1Descarga Aqu\u00ed!<\/a><\/div>\n<\/div>\n\n\n\n<div class=\"wp-block-group is-layout-constrained wp-block-group-is-layout-constrained\">\n<div class=\"wp-block-group is-layout-constrained wp-block-group-is-layout-constrained\">\n<p class=\"has-small-font-size\"><strong>Autores:<\/strong>&nbsp;Ana Mar\u00eda Franco, Juan David Amaya-Espinel, Ana Mar\u00eda Uma\u00f1a V., Maria Piedad Baptiste E. y Oswaldo Cort\u00e9s <strong>\/ Organizaciones:<\/strong>&nbsp;<a href=\"http:\/\/www.humboldt.org.co\/es\/\">Instituto de Investigaci\u00f3n de Recursos Biol\u00f3gicos Alexander von Humboldt<\/a><\/p>\n<\/div>\n<\/div>\n<\/div>\n<\/div>\n<\/li>\n\n\n\n<li class=\"wp-block-birdpress-simple-list-item article-item\">\n<div class=\"wp-block-columns is-layout-flex wp-container-core-columns-is-layout-9d6595d7 wp-block-columns-is-layout-flex\">\n<div class=\"wp-block-column is-layout-flow wp-block-column-is-layout-flow\">\n<figure class=\"wp-block-image size-full\"><img decoding=\"async\" width=\"405\" height=\"501\" data-src=\"https:\/\/www.birds.cornell.edu\/latam\/wp-content\/uploads\/2021\/08\/Screen-Shot-2020-03-24-at-8.46.45-PM.jpg\" alt=\"\" class=\"wp-image-978 lazyload\" src=\"data:image\/svg+xml;base64,PHN2ZyB3aWR0aD0iMSIgaGVpZ2h0PSIxIiB4bWxucz0iaHR0cDovL3d3dy53My5vcmcvMjAwMC9zdmciPjwvc3ZnPg==\" style=\"--smush-placeholder-width: 405px; --smush-placeholder-aspect-ratio: 405\/501;\" \/><\/figure>\n<\/div>\n\n\n\n<div class=\"wp-block-column is-layout-flow wp-block-column-is-layout-flow\">\n<h4 class=\"wp-block-heading\">La Magia de la Aves de Chingaza<\/h4>\n\n\n\n<p>Este libro presenta en detalle a 156 especies de aves que se encuentran el Parque Nacional de Chingaza. Aprende acerca del parque y sus ecosistemas dominantes, fichas t\u00e9cnicas de informaci\u00f3n de las especies de aves, y recomendaciones para desarrollar proyectos de aviturismo responsable.<\/p>\n\n\n\n<div class=\"wp-block-buttons is-layout-flex wp-block-buttons-is-layout-flex\">\n<div class=\"wp-block-button\"><a class=\"wp-block-button__link wp-element-button\" href=\"https:\/\/avesbogota.org\/wp-content\/uploads\/2023\/02\/La-magia-de-las-aves-de-chingaza-digital.pdf\">\u00a1Descarga Aqu\u00ed!<\/a><\/div>\n<\/div>\n\n\n\n<p class=\"has-small-font-size\"><strong>Autores:<\/strong>&nbsp;Luis Guillermo Linares-Romero, F. Gary Stiles, Loreta Rosselli, Pedro Camargo M, Jonathan Candil, Robinson Galindo Tarazona, Fredy Enrique Avellaneda y \u00c1ngel Ramiro Pulido <strong>\/ Organizaciones:<\/strong>&nbsp;<a href=\"http:\/\/www.parquesnacionales.gov.co\/portal\/en\/\">Parques Nacionales Naturales de Colombia<\/a><\/p>\n<\/div>\n<\/div>\n<\/li>\n<\/ul><\/div>\n\n\n\n<h3 class=\"wp-block-heading\">Gu\u00edas de campo<\/h3>\n\n\n\n<div class=\"wp-block-birdpress-simple-list article-list simple-list list-style\"><ul>\n<li class=\"wp-block-birdpress-simple-list-item article-item\">\n<div class=\"wp-block-columns is-layout-flex wp-container-core-columns-is-layout-9d6595d7 wp-block-columns-is-layout-flex\">\n<div class=\"wp-block-column is-layout-flow wp-block-column-is-layout-flow\">\n<figure class=\"wp-block-image\"><img decoding=\"async\" width=\"1174\" height=\"1456\" data-src=\"https:\/\/www.birds.cornell.edu\/latam\/wp-content\/uploads\/2021\/08\/Screen-Shot-2019-11-04-at-1.06.43-PM.jpg\" alt=\"\" class=\"wp-image-982 lazyload\" data-srcset=\"https:\/\/www.birds.cornell.edu\/latam\/wp-content\/uploads\/2021\/08\/Screen-Shot-2019-11-04-at-1.06.43-PM.jpg 1174w, https:\/\/www.birds.cornell.edu\/latam\/wp-content\/uploads\/2021\/08\/Screen-Shot-2019-11-04-at-1.06.43-PM-720x893.png 720w, https:\/\/www.birds.cornell.edu\/latam\/wp-content\/uploads\/2021\/08\/Screen-Shot-2019-11-04-at-1.06.43-PM-768x952.png 768w, https:\/\/www.birds.cornell.edu\/latam\/wp-content\/uploads\/2021\/08\/Screen-Shot-2019-11-04-at-1.06.43-PM-480x595.png 480w\" data-sizes=\"(max-width: 1174px) 100vw, 1174px\" src=\"data:image\/svg+xml;base64,PHN2ZyB3aWR0aD0iMSIgaGVpZ2h0PSIxIiB4bWxucz0iaHR0cDovL3d3dy53My5vcmcvMjAwMC9zdmciPjwvc3ZnPg==\" style=\"--smush-placeholder-width: 1174px; --smush-placeholder-aspect-ratio: 1174\/1456;\" \/><\/figure>\n<\/div>\n\n\n\n<div class=\"wp-block-column is-layout-flow wp-block-column-is-layout-flow\">\n<h4 class=\"wp-block-heading\"><strong>Gu\u00eda de campo \u2013 Aves de la vereda Las Planadas y alrededores, Mocoa (Putumayo), Colombia<\/strong><\/h4>\n\n\n\n<p>Personas de todas las edades pueden disfrutar de esta gu\u00eda que destaca 102 especies bellas de aves de Mocoa, Putumayo. La gu\u00eda fue el resultado de una colaboraci\u00f3n entre <a href=\"https:\/\/www.amazonteam.org\/colombia\/\">Amazon Conservation Team Colombia<\/a>, la&nbsp;<a href=\"https:\/\/amazoniaesenciadevida.com\/en\/project\/asociacion-alas-putumayo\/\">Asociaci\u00f3n Alas Putumayo<\/a>&nbsp;y la Asociaci\u00f3n de Mujeres Ind\u00edgenas -ASOMI-, para  conectar a la comunidad de Mocoa con sus aves locales. <strong>Para descargar la gu\u00eda completa, descarga ambos lados; el lado 2 es el reverso del lado 1.<\/strong><\/p>\n\n\n\n<div class=\"wp-block-buttons is-layout-flex wp-block-buttons-is-layout-flex\">\n<div class=\"wp-block-button\"><a class=\"wp-block-button__link wp-element-button\" href=\"https:\/\/celebrateurbanbirds.org\/wp-content\/uploads\/2019\/10\/tiro-guia-aves1_Small.pdf\">\u00a1Descarga Lado 1 Aqu\u00ed!<\/a><\/div>\n<\/div>\n\n\n\n<div class=\"wp-block-buttons is-layout-flex wp-block-buttons-is-layout-flex\">\n<div class=\"wp-block-button\"><a class=\"wp-block-button__link wp-element-button\" href=\"https:\/\/celebrateurbanbirds.org\/wp-content\/uploads\/2019\/10\/retiro-guia-aves2_small.pdf\">\u00a1Descarga Lado 2 Aqu\u00ed!<\/a><\/div>\n<\/div>\n<\/div>\n<\/div>\n<\/li>\n\n\n\n<li class=\"wp-block-birdpress-simple-list-item article-item\">\n<div class=\"wp-block-columns is-layout-flex wp-container-core-columns-is-layout-9d6595d7 wp-block-columns-is-layout-flex\">\n<div class=\"wp-block-column is-layout-flow wp-block-column-is-layout-flow\">\n<figure class=\"wp-block-image\"><img decoding=\"async\" width=\"300\" height=\"307\" data-src=\"https:\/\/www.birds.cornell.edu\/latam\/wp-content\/uploads\/2021\/08\/Screen-Shot-2019-11-04-at-1.19.54-PM-e1572893874839.jpg\" alt=\"\" class=\"wp-image-984 lazyload\" src=\"data:image\/svg+xml;base64,PHN2ZyB3aWR0aD0iMSIgaGVpZ2h0PSIxIiB4bWxucz0iaHR0cDovL3d3dy53My5vcmcvMjAwMC9zdmciPjwvc3ZnPg==\" style=\"--smush-placeholder-width: 300px; --smush-placeholder-aspect-ratio: 300\/307;\" \/><\/figure>\n<\/div>\n\n\n\n<div class=\"wp-block-column is-layout-flow wp-block-column-is-layout-flow\">\n<h4 class=\"wp-block-heading\">Los Aves de Mi Tierra \u2013 Municipio de Sotar\u00e1 <\/h4>\n\n\n\n<p>Esta gu\u00eda destaca algunas de las especies de aves que se encuentran en el municipio de Sotar\u00e1, Cauca, Colombia, para apoyar el conocimiento acerca de las aves locales en  la comunidad.<\/p>\n\n\n\n<div class=\"wp-block-buttons is-layout-flex wp-block-buttons-is-layout-flex\">\n<div class=\"wp-block-button\"><a class=\"wp-block-button__link wp-element-button\" href=\"https:\/\/celebrateurbanbirds.org\/wp-content\/uploads\/2019\/11\/AVES-DE-SOTAR%C3%81-2.pdf\">\u00a1Descarga Aqu\u00ed!<\/a><\/div>\n<\/div>\n\n\n\n<p class=\"has-small-font-size\"><strong>Autor:<\/strong>&nbsp;<a href=\"mailto:oro1029@hotmail.com\">Dr. Oscar Orozco Pastrana<\/a> <strong>\/ Organizaciones:<\/strong>&nbsp;<a href=\"http:\/\/www.sotara-cauca.gov.co\/\">Municipio de Sotar\u00e1<\/a>, Fundaci\u00f3n Aves, Fauna y Flora del Departamento del Cauca y AVEFACAUCA.<\/p>\n<\/div>\n<\/div>\n<\/li>\n\n\n\n<li class=\"wp-block-birdpress-simple-list-item article-item\">\n<div class=\"wp-block-columns is-layout-flex wp-container-core-columns-is-layout-9d6595d7 wp-block-columns-is-layout-flex\">\n<div class=\"wp-block-column is-layout-flow wp-block-column-is-layout-flow\">\n<figure class=\"wp-block-image\"><img decoding=\"async\" width=\"576\" height=\"864\" data-src=\"https:\/\/www.birds.cornell.edu\/latam\/wp-content\/uploads\/2021\/08\/Screen-Shot-2021-04-17-at-3.26.42-PM.jpg\" alt=\"\" class=\"wp-image-986 lazyload\" data-srcset=\"https:\/\/www.birds.cornell.edu\/latam\/wp-content\/uploads\/2021\/08\/Screen-Shot-2021-04-17-at-3.26.42-PM.jpg 576w, https:\/\/www.birds.cornell.edu\/latam\/wp-content\/uploads\/2021\/08\/Screen-Shot-2021-04-17-at-3.26.42-PM-480x720.png 480w\" data-sizes=\"(max-width: 576px) 100vw, 576px\" src=\"data:image\/svg+xml;base64,PHN2ZyB3aWR0aD0iMSIgaGVpZ2h0PSIxIiB4bWxucz0iaHR0cDovL3d3dy53My5vcmcvMjAwMC9zdmciPjwvc3ZnPg==\" style=\"--smush-placeholder-width: 576px; --smush-placeholder-aspect-ratio: 576\/864;\" \/><\/figure>\n<\/div>\n\n\n\n<div class=\"wp-block-column is-layout-flow wp-block-column-is-layout-flow\">\n<p class=\"has-large-font-size\"><strong><strong>Personas Indigenas de Mitu-Vaup\u00e9s y Aves: Una Gu\u00eda Fotogr\u00e1fica de Etno-Aves<\/strong><\/strong><\/p>\n\n\n\n<p>Esta gu\u00eda presenta una introducci\u00f3n fotogr\u00e1fica a las aves de la comunidad de Mit\u00fa, Vaup\u00e9s, en el municipio de Sotar\u00e1, Cauca, Colombia. Fue creada a trav\u00e9s de la lente de la comunidad ind\u00edgena de Kubeo; por lo que, puede ser una herramienta para aquellos que quieran aprender m\u00e1s sobre las aves y las culturas ind\u00edgenas que habitualmente han interactuado con ellas en esta regi\u00f3n.&nbsp;<\/p>\n\n\n\n<div class=\"wp-block-buttons is-layout-flex wp-block-buttons-is-layout-flex\">\n<div class=\"wp-block-button\"><a class=\"wp-block-button__link wp-element-button\" href=\"https:\/\/repositorio.sena.edu.co\/handle\/11404\/5755\">\u00a1Descarga Aqu\u00ed!<\/a><\/div>\n<\/div>\n\n\n\n<p class=\"has-small-font-size\"><strong>Autora:<\/strong>&nbsp;Gloria Amparo Rivera Velasco <strong>\/ Organizaciones:<\/strong>&nbsp;SENA&nbsp;(Servicio Nacional de Aprendizaje) Regional Vaup\u00e9s,&nbsp;SENNOVA&nbsp;(Sistema de Investigaci\u00f3n Desarrollo Tecnol\u00f3gico e Innovaci\u00f3n) y ETNO Ornitolog\u00eda<\/p>\n<\/div>\n<\/div>\n<\/li>\n\n\n\n<li class=\"wp-block-birdpress-simple-list-item article-item\">\n<div class=\"wp-block-columns is-layout-flex wp-container-core-columns-is-layout-9d6595d7 wp-block-columns-is-layout-flex\">\n<div class=\"wp-block-column is-layout-flow wp-block-column-is-layout-flow\">\n<figure class=\"wp-block-image size-full\"><img decoding=\"async\" width=\"840\" height=\"1318\" data-src=\"https:\/\/www.birds.cornell.edu\/latam\/wp-content\/uploads\/2023\/09\/Screenshot-2023-09-10-at-3.37.46-PM.jpg\" alt=\"\" class=\"wp-image-10369 lazyload\" data-srcset=\"https:\/\/www.birds.cornell.edu\/latam\/wp-content\/uploads\/2023\/09\/Screenshot-2023-09-10-at-3.37.46-PM.jpg 840w, https:\/\/www.birds.cornell.edu\/latam\/wp-content\/uploads\/2023\/09\/Screenshot-2023-09-10-at-3.37.46-PM-720x1130.jpg 720w, https:\/\/www.birds.cornell.edu\/latam\/wp-content\/uploads\/2023\/09\/Screenshot-2023-09-10-at-3.37.46-PM-768x1205.jpg 768w, https:\/\/www.birds.cornell.edu\/latam\/wp-content\/uploads\/2023\/09\/Screenshot-2023-09-10-at-3.37.46-PM-480x753.jpg 480w\" data-sizes=\"(max-width: 840px) 100vw, 840px\" src=\"data:image\/svg+xml;base64,PHN2ZyB3aWR0aD0iMSIgaGVpZ2h0PSIxIiB4bWxucz0iaHR0cDovL3d3dy53My5vcmcvMjAwMC9zdmciPjwvc3ZnPg==\" style=\"--smush-placeholder-width: 840px; --smush-placeholder-aspect-ratio: 840\/1318;\" \/><\/figure>\n<\/div>\n\n\n\n<div class=\"wp-block-column is-layout-flow wp-block-column-is-layout-flow\">\n<h2 class=\"wp-block-heading\"><strong>Aves del Valle de Sibundoy &#8211; Guia de Campo<\/strong><\/h2>\n\n\n\n<p>Aprende m\u00e1s acerca de las bellas aves del Valle de Sibundoy, situado en el departamento de Putumayo. Esta gu\u00eda de campo contiene informaci\u00f3n acerca de m\u00e1s de 300 especies de aves que se han observado en el valle. La obra est\u00e1 escrita en un lenguaje ameno y sencillo, el cual permite que todas las personas, sin importar su nivel de educaci\u00f3n, puedan acceder a la informaci\u00f3n. Tus preguntas acerca de las aves, sus h\u00e1bitats y c\u00f3mo observarlas ser\u00e1n contestadas de forma clara y sencilla para las aves de la regi\u00f3n y m\u00e1s all\u00e1.&nbsp;<\/p>\n\n\n\n<div class=\"wp-block-buttons is-layout-flex wp-block-buttons-is-layout-flex\">\n<div class=\"wp-block-button\"><a class=\"wp-block-button__link wp-element-button\" href=\"https:\/\/www.birds.cornell.edu\/latam\/wp-content\/uploads\/2023\/09\/Aves-de-sibundoy-2014-1.pdf\">\u00a1Descarga Aqu\u00ed!<\/a><\/div>\n<\/div>\n\n\n\n<p class=\"has-small-font-size\"><strong>Autores:<\/strong>&nbsp;E. Aquiles Guti\u00e9rrez Zamora, Jonh Jairo Mueses-Cisneros, M. Carolina Ramirez Enriquez e Ingrid Vanessa Perdomo-Castillo <strong>\/ Colaboradores:<\/strong> M\u00f3nica D. Lombana Luna, and Orlando Acevedo-Charry <strong>\/ Ilustradores:<\/strong> E. Aquiles Guti\u00e9rrez Zamora and Jorge Eduardo Burbano <strong>\/ Dise\u00f1o y esquema:<\/strong> Bibiana G\u00f3mez <strong>\/ Coordinador de arte gr\u00e1fico:<\/strong> Juan Jose Campo M. <strong>\/ Mapas:<\/strong> Saira Patricia Romo, Jimmy Laureano Calvache, and Lilia Josefina Lagos Hidalgo <strong>\/ Editor:<\/strong> F. Gary Stiles&nbsp;<strong>\/ Organization:<\/strong> <a href=\"https:\/\/www.corpoamazonia.gov.co\/\">CORPOAMAZONIA<\/a> (<a href=\"https:\/\/www.corpoamazonia.gov.co\/\">Corporaci\u00f3n para el Desarrollo Sostenible del Sur de la Amazon\u00eda)<\/a><\/p>\n<\/div>\n<\/div>\n<\/li>\n\n\n\n<li class=\"wp-block-birdpress-simple-list-item article-item\">\n<div class=\"wp-block-columns is-layout-flex wp-container-core-columns-is-layout-9d6595d7 wp-block-columns-is-layout-flex\">\n<div class=\"wp-block-column is-layout-flow wp-block-column-is-layout-flow\">\n<figure class=\"wp-block-image size-full\"><img decoding=\"async\" width=\"788\" height=\"1400\" data-src=\"https:\/\/www.birds.cornell.edu\/latam\/wp-content\/uploads\/2023\/09\/Screenshot-2023-09-10-at-3.41.34-PM.png\" alt=\"\" class=\"wp-image-10371 lazyload\" data-srcset=\"https:\/\/www.birds.cornell.edu\/latam\/wp-content\/uploads\/2023\/09\/Screenshot-2023-09-10-at-3.41.34-PM.png 788w, https:\/\/www.birds.cornell.edu\/latam\/wp-content\/uploads\/2023\/09\/Screenshot-2023-09-10-at-3.41.34-PM-720x1279.png 720w, https:\/\/www.birds.cornell.edu\/latam\/wp-content\/uploads\/2023\/09\/Screenshot-2023-09-10-at-3.41.34-PM-768x1364.png 768w, https:\/\/www.birds.cornell.edu\/latam\/wp-content\/uploads\/2023\/09\/Screenshot-2023-09-10-at-3.41.34-PM-480x853.png 480w\" data-sizes=\"(max-width: 788px) 100vw, 788px\" src=\"data:image\/svg+xml;base64,PHN2ZyB3aWR0aD0iMSIgaGVpZ2h0PSIxIiB4bWxucz0iaHR0cDovL3d3dy53My5vcmcvMjAwMC9zdmciPjwvc3ZnPg==\" style=\"--smush-placeholder-width: 788px; --smush-placeholder-aspect-ratio: 788\/1400;\" \/><\/figure>\n<\/div>\n\n\n\n<div class=\"wp-block-column is-layout-flow wp-block-column-is-layout-flow\">\n<h2 class=\"wp-block-heading\"><strong>40 Aves Comunes de Manizales<\/strong><\/h2>\n\n\n\n<p>Este eBook presenta cuarenta especies de aves comunes en la zona urbana de Manizales en el departamento de Caldas. Cada especie va acompa\u00f1ada de una hermosa fotograf\u00eda, su nombre en espa\u00f1ol (como se conoce en la regi\u00f3n), nombre en ingl\u00e9s y nombre cient\u00edfico. Este eBook es un aporte valioso para identificar las especies m\u00e1s recurrentes en los espacios de la ciudad.&nbsp;&nbsp;<\/p>\n\n\n\n<div class=\"wp-block-buttons is-layout-flex wp-block-buttons-is-layout-flex\">\n<div class=\"wp-block-button\"><a class=\"wp-block-button__link wp-element-button\" href=\"https:\/\/www.birds.cornell.edu\/latam\/wp-content\/uploads\/2023\/09\/Ebook-Red-de-Ecoparques-Alcaldia1.small_.pdf\">\u00a1Descarga Aqu\u00ed!<\/a><\/div>\n<\/div>\n\n\n\n<div class=\"wp-block-group is-layout-constrained wp-block-group-is-layout-constrained\">\n<p class=\"has-small-font-size\"><strong>Profesional Red de Ecoparques:<\/strong> Santiago Castro R. <strong>\/ Gu\u00eda:<\/strong> Hamilton Henao <strong>\/ Director Megadiversa:<\/strong> Yohany L\u00f3pez Berna <strong>\/ Fot\u00f3grafo:<\/strong> Fabio N. Arias <strong>\/ Organizaciones:<\/strong><a href=\"https:\/\/www.culturayturismomanizales.gov.co\/red-de-ecoparques\"> La Red de Ecoparques de la Ciudad de Manizales,<\/a> <a href=\"https:\/\/manizales.gov.co\/\">La Alcald\u00eda de Manizales,<\/a> el Instituto de Cultura y Turismo, la Secretar\u00eda de TIC y competitividad y <a href=\"https:\/\/www.facebook.com\/megadiversa\/\">Corporaci\u00f3n Megadiversa<\/a><\/p>\n<\/div>\n<\/div>\n<\/div>\n<\/li>\n\n\n\n<li class=\"wp-block-birdpress-simple-list-item article-item\">\n<div class=\"wp-block-columns is-layout-flex wp-container-core-columns-is-layout-9d6595d7 wp-block-columns-is-layout-flex\">\n<div class=\"wp-block-column is-layout-flow wp-block-column-is-layout-flow\">\n<figure class=\"wp-block-image size-large\"><img decoding=\"async\" width=\"1280\" height=\"1182\" data-src=\"https:\/\/www.birds.cornell.edu\/latam\/wp-content\/uploads\/2021\/08\/Screenshot-2023-09-25-at-3.40.39-PM-1280x1182.jpg\" alt=\"\" class=\"wp-image-10581 lazyload\" data-srcset=\"https:\/\/www.birds.cornell.edu\/latam\/wp-content\/uploads\/2021\/08\/Screenshot-2023-09-25-at-3.40.39-PM-1280x1182.jpg 1280w, https:\/\/www.birds.cornell.edu\/latam\/wp-content\/uploads\/2021\/08\/Screenshot-2023-09-25-at-3.40.39-PM-720x665.jpg 720w, https:\/\/www.birds.cornell.edu\/latam\/wp-content\/uploads\/2021\/08\/Screenshot-2023-09-25-at-3.40.39-PM-768x709.jpg 768w, https:\/\/www.birds.cornell.edu\/latam\/wp-content\/uploads\/2021\/08\/Screenshot-2023-09-25-at-3.40.39-PM-480x443.jpg 480w, https:\/\/www.birds.cornell.edu\/latam\/wp-content\/uploads\/2021\/08\/Screenshot-2023-09-25-at-3.40.39-PM.jpg 1388w\" data-sizes=\"(max-width: 1280px) 100vw, 1280px\" src=\"data:image\/svg+xml;base64,PHN2ZyB3aWR0aD0iMSIgaGVpZ2h0PSIxIiB4bWxucz0iaHR0cDovL3d3dy53My5vcmcvMjAwMC9zdmciPjwvc3ZnPg==\" style=\"--smush-placeholder-width: 1280px; --smush-placeholder-aspect-ratio: 1280\/1182;\" \/><\/figure>\n<\/div>\n\n\n\n<div class=\"wp-block-column is-layout-flow wp-block-column-is-layout-flow\">\n<h2 class=\"wp-block-heading\"><strong>Aves de Ci\u00e9nega de la Virgen: Riqueza natural de Cartagena<\/strong><\/h2>\n\n\n\n<p>Una gu\u00eda detallada acerca de las aves de la Ci\u00e9nega Virgen de Cartagena. Encontrar\u00e1s m\u00e1s de 100 especies de aves en la gu\u00eda, todas acompa\u00f1adas con una ilustraci\u00f3n e informaci\u00f3n acerca de c\u00f3mo identificarlas, comportamientos, vocalizaciones, h\u00e1bitats, si son migratorias y reproducci\u00f3n. Adem\u00e1s, cada especie viene con un mapa de distribuci\u00f3n de su poblaci\u00f3n. Esta gu\u00eda contiene informaci\u00f3n valiosa para identificar y aprender acerca de las aves de la Ci\u00e9nega Virgen.<\/p>\n\n\n\n<div class=\"wp-block-buttons is-layout-flex wp-block-buttons-is-layout-flex\">\n<div class=\"wp-block-button\"><a class=\"wp-block-button__link wp-element-button\" href=\"https:\/\/www.birds.cornell.edu\/latam\/wp-content\/uploads\/2023\/09\/Libro-Aves-de-la-Cienaga-de-la-Virgen.pdf\">\u00a1Descarga Aqu\u00ed!<\/a><\/div>\n<\/div>\n\n\n\n<p class=\"has-small-font-size\"><strong>Autores:<\/strong> Juan Carlos Linero Gonz\u00e1lez, Estefan\u00eda Izquierdo G\u00f3mez, Henry Augusto Tarazona Montero \/ <strong>Ilustradora: <\/strong>Patricia Linero De la Cruz \/ <strong>Fotografo: <\/strong>Juan Carlos Linero Gonz\u00e1les \/ <strong>Dise\u00f1o y diagramaci\u00f3n: <\/strong>Uni\u00f3n Gr\u00e1fica S.A.S. \/ <strong>Mapas: <\/strong>Nicole Franco Le\u00f3n \/ <strong>Organizaciones: <\/strong><a href=\"https:\/\/www.linkedin.com\/company\/mhc-ingenieria-y-construccion-de-obras-civiles\/?originalSubdomain=co\">MHC Ingenieria<\/a>, <a href=\"https:\/\/constructorameco.com\/\">Constructora Meco S.A<\/a>., <a href=\"http:\/\/www.rutacostera.co\/cb\/\">Concesi\u00f3n Costera Cartagena Barranquilla SAS<\/a>, <a href=\"https:\/\/omacha.org\/\">Fundaci\u00f3n Omacha<\/a><\/p>\n<\/div>\n<\/div>\n<\/li>\n\n\n\n<li class=\"wp-block-birdpress-simple-list-item article-item\">\n<div class=\"wp-block-columns is-layout-flex wp-container-core-columns-is-layout-9d6595d7 wp-block-columns-is-layout-flex\">\n<div class=\"wp-block-column is-layout-flow wp-block-column-is-layout-flow\">\n<figure class=\"wp-block-image size-large\"><img decoding=\"async\" width=\"1280\" height=\"942\" data-src=\"https:\/\/www.birds.cornell.edu\/latam\/wp-content\/uploads\/2023\/09\/Screenshot-2023-09-25-at-3.41.19-PM-1280x942.jpg\" alt=\"\" class=\"wp-image-10585 lazyload\" data-srcset=\"https:\/\/www.birds.cornell.edu\/latam\/wp-content\/uploads\/2023\/09\/Screenshot-2023-09-25-at-3.41.19-PM-1280x942.jpg 1280w, https:\/\/www.birds.cornell.edu\/latam\/wp-content\/uploads\/2023\/09\/Screenshot-2023-09-25-at-3.41.19-PM-720x530.jpg 720w, https:\/\/www.birds.cornell.edu\/latam\/wp-content\/uploads\/2023\/09\/Screenshot-2023-09-25-at-3.41.19-PM-768x565.jpg 768w, https:\/\/www.birds.cornell.edu\/latam\/wp-content\/uploads\/2023\/09\/Screenshot-2023-09-25-at-3.41.19-PM-1536x1130.jpg 1536w, https:\/\/www.birds.cornell.edu\/latam\/wp-content\/uploads\/2023\/09\/Screenshot-2023-09-25-at-3.41.19-PM-480x353.jpg 480w, https:\/\/www.birds.cornell.edu\/latam\/wp-content\/uploads\/2023\/09\/Screenshot-2023-09-25-at-3.41.19-PM.jpg 1878w\" data-sizes=\"(max-width: 1280px) 100vw, 1280px\" src=\"data:image\/svg+xml;base64,PHN2ZyB3aWR0aD0iMSIgaGVpZ2h0PSIxIiB4bWxucz0iaHR0cDovL3d3dy53My5vcmcvMjAwMC9zdmciPjwvc3ZnPg==\" style=\"--smush-placeholder-width: 1280px; --smush-placeholder-aspect-ratio: 1280\/942;\" \/><\/figure>\n<\/div>\n\n\n\n<div class=\"wp-block-column is-layout-flow wp-block-column-is-layout-flow\">\n<h2 class=\"wp-block-heading\"><strong>Las Aves VIPIS &#8211; Gu\u00eda de campo ilustrada de las aves de V\u00eda Parque Isla de Salamanca<\/strong><\/h2>\n\n\n\n<p>Esta gu\u00eda fue creada para difundir informaci\u00f3n acerca de la biodiversidad de la regi\u00f3n del Caribe; en especial, de la avifauna presente en la V\u00eda Parque Isla de Salamanca. Esta gu\u00eda ayudar\u00e1 a locales y turistas a identificar y aprender acerca de 241 especies de aves. Las especies en la gu\u00eda est\u00e1n organizadas por orden, familia, g\u00e9nero y especie. Adem\u00e1s, incluye informaci\u00f3n r\u00e1pida (en forma de \u00edconos) acerca de tama\u00f1o, h\u00e1bitat, altura geogr\u00e1fica, alimentaci\u00f3n, estado de conservaci\u00f3n y m\u00e1s, para cada ave.<\/p>\n\n\n\n<div class=\"wp-block-buttons is-layout-flex wp-block-buttons-is-layout-flex\">\n<div class=\"wp-block-button\"><a class=\"wp-block-button__link wp-element-button\" href=\"https:\/\/www.birds.cornell.edu\/latam\/wp-content\/uploads\/2023\/09\/Guia-de-Aves-Parque-Isla-Salmanca.pdf\">\u00a1Descarga Aqu\u00ed!<\/a><\/div>\n<\/div>\n\n\n\n<p class=\"has-small-font-size\"><strong>Autora<\/strong>: Erika Paola Ortiz G\u00f3mez \/ <strong>Ilustrador<\/strong>: Luis Salcedo \/ <strong>Dise\u00f1o y diagramaci\u00f3n<\/strong>: Diego Quintero Candela \/ <strong>Cartograf\u00eda y SIG<\/strong>: Juan David Palencia Rivera&nbsp; \/ <strong>Editores<\/strong>: Henry Tarazona Montero, Dalila Caicedo Herrera, Iv\u00e1n Bernal Neira \/ <strong>Organizaciones<\/strong>: <a href=\"https:\/\/www.supertransporte.gov.co\/\">Vigilando Super Transporte<\/a>, <a href=\"http:\/\/www.rutacostera.co\/cb\/\">Concesion Costera Cartagena Barranquilla SAS<\/a>, <a href=\"https:\/\/www.isa.co\/es\/valor-sostenible\/conexiones-que-inspiran\/\">Grupo ISA<\/a>, <a href=\"https:\/\/www.ani.gov.co\/\">Agencia Nacional de Infraestructura<\/a>, <a href=\"https:\/\/mab.com.co\/\">MAB Ingenieria de Valor<\/a><\/p>\n<\/div>\n<\/div>\n<\/li>\n\n\n\n<li class=\"wp-block-birdpress-simple-list-item article-item\">\n<div class=\"wp-block-columns is-layout-flex wp-container-core-columns-is-layout-9d6595d7 wp-block-columns-is-layout-flex\">\n<div class=\"wp-block-column is-layout-flow wp-block-column-is-layout-flow\">\n<div class=\"wp-block-columns is-layout-flex wp-container-core-columns-is-layout-9d6595d7 wp-block-columns-is-layout-flex\">\n<div class=\"wp-block-column is-layout-flow wp-block-column-is-layout-flow\">\n<figure class=\"wp-block-image size-large is-resized\"><img decoding=\"async\" width=\"1280\" height=\"905\" data-src=\"https:\/\/www.birds.cornell.edu\/latam\/wp-content\/uploads\/2021\/07\/Screen-Shot-2022-08-21-at-9.06.26-PM-1280x905.jpg\" alt=\"\" class=\"wp-image-8053 lazyload\" style=\"--smush-placeholder-width: 1280px; --smush-placeholder-aspect-ratio: 1280\/905;aspect-ratio:1.419068736141907;width:199px;height:auto\" data-srcset=\"https:\/\/www.birds.cornell.edu\/latam\/wp-content\/uploads\/2021\/07\/Screen-Shot-2022-08-21-at-9.06.26-PM-1280x905.jpg 1280w, https:\/\/www.birds.cornell.edu\/latam\/wp-content\/uploads\/2021\/07\/Screen-Shot-2022-08-21-at-9.06.26-PM-720x509.jpg 720w, https:\/\/www.birds.cornell.edu\/latam\/wp-content\/uploads\/2021\/07\/Screen-Shot-2022-08-21-at-9.06.26-PM-768x543.jpg 768w, https:\/\/www.birds.cornell.edu\/latam\/wp-content\/uploads\/2021\/07\/Screen-Shot-2022-08-21-at-9.06.26-PM-1536x1086.jpg 1536w, https:\/\/www.birds.cornell.edu\/latam\/wp-content\/uploads\/2021\/07\/Screen-Shot-2022-08-21-at-9.06.26-PM-480x339.jpg 480w, https:\/\/www.birds.cornell.edu\/latam\/wp-content\/uploads\/2021\/07\/Screen-Shot-2022-08-21-at-9.06.26-PM.jpg 1686w\" data-sizes=\"(max-width: 1280px) 100vw, 1280px\" src=\"data:image\/svg+xml;base64,PHN2ZyB3aWR0aD0iMSIgaGVpZ2h0PSIxIiB4bWxucz0iaHR0cDovL3d3dy53My5vcmcvMjAwMC9zdmciPjwvc3ZnPg==\" \/><\/figure>\n\n\n\n<hr class=\"wp-block-separator has-alpha-channel-opacity\"\/>\n\n\n\n<figure class=\"wp-block-image size-large\"><img decoding=\"async\" width=\"1280\" height=\"912\" data-src=\"https:\/\/www.birds.cornell.edu\/latam\/wp-content\/uploads\/2023\/09\/Screenshot-2023-09-10-at-3.32.59-PM-1280x912.jpg\" alt=\"\" class=\"wp-image-10367 lazyload\" data-srcset=\"https:\/\/www.birds.cornell.edu\/latam\/wp-content\/uploads\/2023\/09\/Screenshot-2023-09-10-at-3.32.59-PM-1280x912.jpg 1280w, https:\/\/www.birds.cornell.edu\/latam\/wp-content\/uploads\/2023\/09\/Screenshot-2023-09-10-at-3.32.59-PM-720x513.jpg 720w, https:\/\/www.birds.cornell.edu\/latam\/wp-content\/uploads\/2023\/09\/Screenshot-2023-09-10-at-3.32.59-PM-768x547.jpg 768w, https:\/\/www.birds.cornell.edu\/latam\/wp-content\/uploads\/2023\/09\/Screenshot-2023-09-10-at-3.32.59-PM-1536x1094.jpg 1536w, https:\/\/www.birds.cornell.edu\/latam\/wp-content\/uploads\/2023\/09\/Screenshot-2023-09-10-at-3.32.59-PM-480x342.jpg 480w, https:\/\/www.birds.cornell.edu\/latam\/wp-content\/uploads\/2023\/09\/Screenshot-2023-09-10-at-3.32.59-PM.jpg 2010w\" data-sizes=\"(max-width: 1280px) 100vw, 1280px\" src=\"data:image\/svg+xml;base64,PHN2ZyB3aWR0aD0iMSIgaGVpZ2h0PSIxIiB4bWxucz0iaHR0cDovL3d3dy53My5vcmcvMjAwMC9zdmciPjwvc3ZnPg==\" style=\"--smush-placeholder-width: 1280px; --smush-placeholder-aspect-ratio: 1280\/912;\" \/><\/figure>\n\n\n\n<hr class=\"wp-block-separator has-alpha-channel-opacity\"\/>\n\n\n\n<figure class=\"wp-block-image size-large\"><img decoding=\"async\" width=\"1280\" height=\"902\" data-src=\"https:\/\/www.birds.cornell.edu\/latam\/wp-content\/uploads\/2023\/11\/Screenshot-2023-11-04-at-8.18.54\u202fPM-1280x902.png\" alt=\"\" class=\"wp-image-10860 lazyload\" data-srcset=\"https:\/\/www.birds.cornell.edu\/latam\/wp-content\/uploads\/2023\/11\/Screenshot-2023-11-04-at-8.18.54\u202fPM-1280x902.png 1280w, https:\/\/www.birds.cornell.edu\/latam\/wp-content\/uploads\/2023\/11\/Screenshot-2023-11-04-at-8.18.54\u202fPM-720x507.png 720w, https:\/\/www.birds.cornell.edu\/latam\/wp-content\/uploads\/2023\/11\/Screenshot-2023-11-04-at-8.18.54\u202fPM-768x541.png 768w, https:\/\/www.birds.cornell.edu\/latam\/wp-content\/uploads\/2023\/11\/Screenshot-2023-11-04-at-8.18.54\u202fPM-1536x1083.png 1536w, https:\/\/www.birds.cornell.edu\/latam\/wp-content\/uploads\/2023\/11\/Screenshot-2023-11-04-at-8.18.54\u202fPM-2048x1443.png 2048w, https:\/\/www.birds.cornell.edu\/latam\/wp-content\/uploads\/2023\/11\/Screenshot-2023-11-04-at-8.18.54\u202fPM-480x338.png 480w\" data-sizes=\"(max-width: 1280px) 100vw, 1280px\" src=\"data:image\/svg+xml;base64,PHN2ZyB3aWR0aD0iMSIgaGVpZ2h0PSIxIiB4bWxucz0iaHR0cDovL3d3dy53My5vcmcvMjAwMC9zdmciPjwvc3ZnPg==\" style=\"--smush-placeholder-width: 1280px; --smush-placeholder-aspect-ratio: 1280\/902;\" \/><\/figure>\n<\/div>\n\n\n\n<div class=\"wp-block-column is-layout-flow wp-block-column-is-layout-flow\">\n<h2 class=\"wp-block-heading\"><strong>Vaup\u00e9s \u2013 Entre Plumajes, Sonidos y Colores <\/strong>(Vol\u00famenes 1, 2 y 3)<\/h2>\n\n\n\n<p>Encuentra informaci\u00f3n acerca de las aves y otros seres de la naturaleza del municipio de Mit\u00fa, en el departamento del Vaup\u00e9s, desde las cosmovisiones de las etnias locales ind\u00edgenas Pamiwa, Tuyaca, Siriano, Tukano y Bara. Por medio de sus pr\u00e1cticas y saberes podr\u00e1s reconocer las bellas aves y seres presentes en 3,800,000 hect\u00e1reas del bosque del suroccidente&nbsp;colombiano. Seas un novato o experto en aves, disfrutar\u00e1s del contenido de esta serie de libros digitales.<\/p>\n\n\n\n<div class=\"wp-block-buttons is-layout-flex wp-block-buttons-is-layout-flex\">\n<div class=\"wp-block-button\"><a class=\"wp-block-button__link wp-element-button\" href=\"https:\/\/celebrateurbanbirds.org\/wp-content\/uploads\/2019\/11\/vaupes_plumajes_sonidos_colores2.pdf\">\u00a1Descarga el volumen 1!<\/a><\/div>\n<\/div>\n\n\n\n<div class=\"wp-block-buttons is-layout-flex wp-block-buttons-is-layout-flex\">\n<div class=\"wp-block-button\"><a class=\"wp-block-button__link wp-element-button\" href=\"https:\/\/www.birds.cornell.edu\/latam\/wp-content\/uploads\/2023\/09\/Vaupes_entre_plumajes_sonidos_y_colores_2.pdf\">\u00a1Descarga el volumen 2!<\/a><\/div>\n<\/div>\n\n\n\n<div class=\"wp-block-buttons is-layout-flex wp-block-buttons-is-layout-flex\">\n<div class=\"wp-block-button\"><a class=\"wp-block-button__link wp-element-button\" href=\"https:\/\/www.birds.cornell.edu\/latam\/wp-content\/uploads\/2023\/11\/Vaupes_entre_plumajes_sonidos_y_colores_3-1.pdf\">\u00a1Descarga el volumen 3!<\/a><\/div>\n<\/div>\n\n\n\n<p class=\"has-small-font-size\">Volumen 1: <strong>Edici\u00f3n y coordinaci\u00f3n editorial<\/strong>: Gloria Amparo Rivera Velasco \/<strong> Recopiladores de historias tradicionales<\/strong>: Florencio Casta\u00f1o Rodr\u00edguez, Walter Gabriel Estrada Ram\u00edrez, Manuel Claudio Fern\u00e1ndez, Agripino Gonz\u00e1lez, Fernando L\u00f3pez Pereira, Carlos Augusto Ram\u00edrez Gonz\u00e1lez, Gloria Amparo Rivera Velasco y Zaiza Danova Rodr\u00edguez Rivera \/ <strong>Ilustraci\u00f3n, arte y dise\u00f1o<\/strong>: Steven Camilo Ibarra Pinchao \/ <strong>Fotograf\u00eda<\/strong>: Gloria Amparo Rivera Velasco y Luis Urue\u00f1a \/ <strong>Organizaciones<\/strong>: Amazonian Motmot-Semillero de investigaci\u00f3n en Etno-Ornitolog\u00eda, Coordinaci\u00f3n Misional y <a href=\"http:\/\/www.sena.edu.co\/es-co\/regionales\/zonaAmazonica\/Paginas\/_Vaupes.aspx\">SENA Regional Vaup\u00e9s<\/a><\/p>\n\n\n\n<p class=\"has-small-font-size\">Volumen 2: <strong>Autora:<\/strong> Gloria Amparo Rivera Velasco <strong>Narradores:<\/strong> Jos\u00e9 L\u00f3pez Ortiz, Luis Rodr\u00edguez Herrera, Ra\u00fal Fern\u00e1ndez, Luis Enrique Llanos Rodr\u00edguez, Jos\u00e9 Trujillo Garc\u00eda, Jos\u00e9 Mar\u00eda Leiter Barazana, Roci\u00f3 Leyter Da Silva <strong>\/ Recopiladores de historias tradicionales:<\/strong> Gloria Amparo Rivera Velasco, Zaiza Rodr\u00edguez Rivera, Marl\u00edn Yurani Betancur Ram\u00edrez, Geovanny Mart\u00ednez Trujillo, Jean Carlos Gonz\u00e1lez Gonz\u00e1lez, Darly Jasm\u00edn Carnero Leyter <strong>\/ Ilustrador y dise\u00f1ador:<\/strong> Stiben Camilo Ibarra Pinchao y Stiben Camilo Ibarra Pinchao <strong>\/ Fot\u00f3grafa:<\/strong> Gloria Amparo Rivera Velasco <strong>\/ Editores:<\/strong> Grupo SENNOVA, Regional Vaup\u00e9s <strong>\/ Organizaciones:<\/strong> Amazonian Motmot-Semillero de investigaci\u00f3n en Etno-Ornitolog\u00eda, <a href=\"https:\/\/www.sena.edu.co\/es-co\/Paginas\/default.aspx\">&nbsp;Servicio Nacional de Aprendizaje (SENA)<\/a> y SENNOVA<\/p>\n\n\n\n<p class=\"has-small-font-size\">Volumen 3: <strong>Autora:<\/strong> Gloria Amparo Rivera Velasco <strong>Narradores:<\/strong> Angela Llanos Rodr\u00edguez, Jos\u00e9 L\u00f3pez Ortiz, Luis Enrique Llanos Rodr\u00edguez, Luis Rodr\u00edguez Herrera Libardo Pe\u00f1a Calle, Jos\u00e9 Mar\u00eda Leiter Barazana, Emilio Arango Acu\u00f1a, Fernando L\u00f3pez Pereira, Miguel \u00c1ngel Portura Aguilar, Laureano Francisco Mart\u00ednez Hern\u00e1ndez, Quiteria Pe\u00f1a, Edimilsa Lima M\u00e1rquez, Juan Vanegas Valencia <strong>\/ Recopiladores de historias tradicionales:<\/strong> Gloria Amparo Rivera Velasco, Zaiza Rodr\u00edguez Rivera, Marl\u00edn Yurani Betancur Ram\u00edrez, Jean Carlos Gonz\u00e1lez Gonz\u00e1lez, Luz Yadira Mart\u00ednez Veloz, Yenifer Soledad L\u00f3pez Pe\u00f1a, Yorneida Anayiber Gonz\u00e1lez V\u00e1squez <strong>\/ Ilustrador: <\/strong>Jorge Luis Bola\u00f1os Ortiz <strong>\/ Dise\u00f1adores: <\/strong>Luis Felipe G\u00f3mez Diaz, Jorge Luis Bola\u00f1os Ortiz <strong>Fot\u00f3grafa:<\/strong> Gloria Amparo Rivera Velasco, Sebastian Guerrero Pelaez, Jean Carlos Gonzalez Gonzales, Andr\u00e9s Mauricio Gaviria Osorio <strong>\/ Editores:<\/strong> Grupo SENNOVA, Regional Vaup\u00e9s&nbsp;<\/p>\n<\/div>\n<\/div>\n<\/div>\n<\/div>\n<\/li>\n\n\n\n<li class=\"wp-block-birdpress-simple-list-item article-item\">\n<div class=\"wp-block-columns is-layout-flex wp-container-core-columns-is-layout-9d6595d7 wp-block-columns-is-layout-flex\">\n<div class=\"wp-block-column is-layout-flow wp-block-column-is-layout-flow\" style=\"flex-basis:33.33%\">\n<figure class=\"wp-block-image size-large\"><img decoding=\"async\" width=\"1280\" height=\"1663\" data-src=\"https:\/\/www.birds.cornell.edu\/latam\/wp-content\/uploads\/2023\/12\/Screenshot-2023-12-16-at-7.18.10\u202fPM-1280x1663.jpg\" alt=\"\" class=\"wp-image-11598 lazyload\" data-srcset=\"https:\/\/www.birds.cornell.edu\/latam\/wp-content\/uploads\/2023\/12\/Screenshot-2023-12-16-at-7.18.10\u202fPM-1280x1663.jpg 1280w, https:\/\/www.birds.cornell.edu\/latam\/wp-content\/uploads\/2023\/12\/Screenshot-2023-12-16-at-7.18.10\u202fPM-720x935.jpg 720w, https:\/\/www.birds.cornell.edu\/latam\/wp-content\/uploads\/2023\/12\/Screenshot-2023-12-16-at-7.18.10\u202fPM-768x998.jpg 768w, https:\/\/www.birds.cornell.edu\/latam\/wp-content\/uploads\/2023\/12\/Screenshot-2023-12-16-at-7.18.10\u202fPM-1182x1536.jpg 1182w, https:\/\/www.birds.cornell.edu\/latam\/wp-content\/uploads\/2023\/12\/Screenshot-2023-12-16-at-7.18.10\u202fPM-480x624.jpg 480w, https:\/\/www.birds.cornell.edu\/latam\/wp-content\/uploads\/2023\/12\/Screenshot-2023-12-16-at-7.18.10\u202fPM.jpg 1330w\" data-sizes=\"(max-width: 1280px) 100vw, 1280px\" src=\"data:image\/svg+xml;base64,PHN2ZyB3aWR0aD0iMSIgaGVpZ2h0PSIxIiB4bWxucz0iaHR0cDovL3d3dy53My5vcmcvMjAwMC9zdmciPjwvc3ZnPg==\" style=\"--smush-placeholder-width: 1280px; --smush-placeholder-aspect-ratio: 1280\/1663;\" \/><\/figure>\n<\/div>\n\n\n\n<div class=\"wp-block-column is-layout-flow wp-block-column-is-layout-flow\" style=\"flex-basis:66.66%\">\n<h2 class=\"wp-block-heading\">Guiones Interpretativos: Red de Ecoparques de Manizales<\/h2>\n\n\n\n<p>A trav\u00e9s de estos guiones interpretativos de la Red de Ecoparques de la ciudad de Manizales se busca divulgar el conocimiento y comunicar la importancia de proteger y conservar estos ecosistemas estrat\u00e9gicos, que hoy gozan de reconocimiento y apropiaci\u00f3n por parte de la ciudadan\u00eda. Este trabajo refleja acerca de la din\u00e1mica de los aspectos naturales, sociales y culturales para que los visitantes comprendan de una manera global esta interacci\u00f3n y lograr contribuir en el entendimiento de la complejidad de la relaci\u00f3n con el otro y con lo otro.<\/p>\n\n\n\n<div class=\"wp-block-buttons is-layout-flex wp-block-buttons-is-layout-flex\">\n<div class=\"wp-block-button\"><a class=\"wp-block-button__link wp-element-button\" href=\"https:\/\/www.birds.cornell.edu\/latam\/wp-content\/uploads\/2023\/12\/Guiones-Interpretativos-Red-de-Ecoparques-ALCALDIA.pdf\">\u00a1Descarga Aqu\u00ed!<\/a><\/div>\n<\/div>\n\n\n\n<p class=\"has-small-font-size\"><strong>Alcald\u00eda de Manizales<\/strong>: Carlos Mario Mar\u00edn \/ <strong>Secretar\u00eda de Medio Ambiente<\/strong>: Natalia Escobar Santander \/ <strong>Instituto de Cultura y Turismo<\/strong> <strong>de Manizales<\/strong>: Juan Jos\u00e9 Silva Serna \/ <strong>La Secretar\u00eda de TIC y<\/strong> <strong>Competitividad<\/strong>: Diego Fernando Ceballos L\u00f3pez \/ <strong>Contratista<\/strong> <strong>Corporaci\u00f3n Megadiversa<\/strong>: Yohany L\u00f3pez Bernal \/ <strong>Fotograf\u00edas<\/strong> <strong>Dise\u00f1o y diagramaci\u00f3n<\/strong>: Yinna Paola Rend\u00f3n Aranzazu<\/p>\n<\/div>\n<\/div>\n<\/li>\n<\/ul><\/div>\n\n\n\n<hr class=\"wp-block-separator has-css-opacity\"\/>\n\n\n\n<h2 class=\"wp-block-heading\" id=\"cartillas\">Cartillas ilustradas de aves<\/h2>\n\n\n\n<div class=\"wp-block-columns are-vertically-aligned-top is-layout-flex wp-container-core-columns-is-layout-9d6595d7 wp-block-columns-is-layout-flex\">\n<div class=\"wp-block-column is-vertically-aligned-top is-layout-flow wp-block-column-is-layout-flow\">\n<p>Descarga cartillas ilustradas con listas de aves comunes y f\u00e1ciles de identificar por regi\u00f3n. Estas cartillas han sido co-creadas con colaboradores de la regi\u00f3n. Adem\u00e1s, en el reverso tienen actividades educacionales y m\u00e1s informaci\u00f3n.&nbsp;<\/p>\n\n\n\n<p><a href=\"https:\/\/www.birds.cornell.edu\/latam\/wp-content\/uploads\/2026\/01\/Cartilla-ilustrada-para-Tolima-Municipal-y-areas-cercanas-de-Colombia.pdf\" data-type=\"link\" data-id=\"https:\/\/www.birds.cornell.edu\/latam\/wp-content\/uploads\/2026\/01\/Cartilla-ilustrada-para-Tolima-Municipal-y-areas-cercanas-de-Colombia.pdf\">Cartilla ilustrada para Tolima Municipal y \u00e1reas cercanas<\/a><\/p>\n\n\n\n<p><a href=\"https:\/\/www.birds.cornell.edu\/latam\/wp-content\/uploads\/2026\/01\/Cartilla-ilustrada-para-Popayan-y-areas-cercanas-de-Colombia.pdf\" data-type=\"link\" data-id=\"https:\/\/www.birds.cornell.edu\/latam\/wp-content\/uploads\/2026\/01\/Cartilla-ilustrada-para-Popayan-y-areas-cercanas-de-Colombia.pdf\">Cartilla ilustrada para Popay\u00e1n y \u00e1reas cercanas<\/a><\/p>\n\n\n\n<p><a href=\"https:\/\/www.birds.cornell.edu\/latam\/wp-content\/uploads\/2026\/01\/Cartilla-ilustrada-para-Jardin-Botanico-de-Bogota-y-areas-cercanas-de-Colombia.pdf\" data-type=\"link\" data-id=\"https:\/\/www.birds.cornell.edu\/latam\/wp-content\/uploads\/2026\/01\/Cartilla-ilustrada-para-Jardin-Botanico-de-Bogota-y-areas-cercanas-de-Colombia.pdf\">Cartilla ilustrada para Jard\u00edn Bot\u00e1nico de Bogot\u00e1 y \u00e1reas cercanas <\/a><\/p>\n\n\n\n<p><a href=\"https:\/\/www.birds.cornell.edu\/latam\/wp-content\/uploads\/2026\/01\/Cartilla-ilustrada-para-las-areas-cerca-de-Bogota-de-Colombia.pdf\" data-type=\"link\" data-id=\"https:\/\/www.birds.cornell.edu\/latam\/wp-content\/uploads\/2026\/01\/Cartilla-ilustrada-para-las-areas-cerca-de-Bogota-de-Colombia.pdf\">Cartilla ilustrada para las \u00e1reas cerca de Bogot\u00e1<\/a><\/p>\n\n\n\n<p><a href=\"https:\/\/www.birds.cornell.edu\/latam\/wp-content\/uploads\/2021\/09\/Lista-corta-San-Agustin-Huila_Colombia_Logos.pdf\">Cartilla ilustrada para San Agust\u00edn Huila<\/a><\/p>\n\n\n\n<p><a href=\"https:\/\/www.birds.cornell.edu\/latam\/wp-content\/uploads\/2021\/09\/Lista-corta-Universidad-del-Cauca_Colombia.pdf\">Cartilla ilustrada para la Universidad del Cauca<\/a><\/p>\n<\/div>\n\n\n\n<div class=\"wp-block-column is-vertically-aligned-top is-layout-flow wp-block-column-is-layout-flow\" style=\"flex-basis:30%\">\n<figure class=\"wp-block-image is-resized\"><img decoding=\"async\" width=\"698\" height=\"766\" data-src=\"https:\/\/www.birds.cornell.edu\/latam\/wp-content\/uploads\/2021\/08\/Screen-Shot-2021-08-24-at-8.24.58-PM.png\" alt=\"\" class=\"wp-image-1040 lazyload\" style=\"--smush-placeholder-width: 698px; --smush-placeholder-aspect-ratio: 698\/766;width:250px;height:undefinedpx\" data-srcset=\"https:\/\/www.birds.cornell.edu\/latam\/wp-content\/uploads\/2021\/08\/Screen-Shot-2021-08-24-at-8.24.58-PM.png 698w, https:\/\/www.birds.cornell.edu\/latam\/wp-content\/uploads\/2021\/08\/Screen-Shot-2021-08-24-at-8.24.58-PM-480x527.png 480w\" data-sizes=\"(max-width: 698px) 100vw, 698px\" src=\"data:image\/svg+xml;base64,PHN2ZyB3aWR0aD0iMSIgaGVpZ2h0PSIxIiB4bWxucz0iaHR0cDovL3d3dy53My5vcmcvMjAwMC9zdmciPjwvc3ZnPg==\" \/><\/figure>\n<\/div>\n<\/div>\n","protected":false},"excerpt":{"rendered":"<p>Materiales educativos de Colombia Como un esfuerzo en com\u00fan para apoyar a educadores y l\u00edderes de grupos en sus actividades educacionales en Colombia, varios colaboradores colombianos compartieron sus materiales educacionales acerca de aves, conservaci\u00f3n y educaci\u00f3n ambiental para que los puedas descargar gratuitamente. Descubre actividades entretenidas y educativas que pueden apoyarte en tus esfuerzos para<a class=\"excerpt-read-more\" href=\"https:\/\/www.birds.cornell.edu\/latam\/colombia\/\" title=\"ReadColombia\">&#8230; Read more &raquo;<\/a><\/p>\n","protected":false},"author":3,"featured_media":785,"comment_status":"open","ping_status":"closed","sticky":false,"template":"","format":"standard","meta":{"_birdpress_hero_toggle":true,"_birdpress_hero_type":"image","_birdpress_hero_image_type":"image","_birdpress_hero_style":"default","_birdpress_hero_ratio":"","_birdpress_hero_h1":"Explora materiales y recursos para Colombia","_birdpress_hero_media_id":1020,"_birdpress_hero_media_array_id":[],"_birdpress_hero_media_array":[],"_birdpress_hero_media":0,"_birdpress_hero_video_id":0,"_birdpress_hero_video":0,"_birdpress_hero_youtube":"","_birdpress_hero_content":true,"_birdpress_hero_byline":"","_birdpress_hero_byline_bottom":"","_birdpress_hero_button_link":"","_birdpress_hero_button_text":"","_birdpress_hero_button_color":"","_birdpress_hero_date":false,"original_guid":"","_birdpress_hide_search":false,"_birdpress_page_width":"","_birdpress_global_cta":false,"_birdpress_widget_sidebar":"","_birdpress_next_article":0,"_birdpress_next_article_title":"","_birdpress_prev_article":0,"_birdpress_prev_article_title":"","_birdpress_sub_navigation_id":0,"_birdpress_sub_navigation":"","_birdpress_sub_navigation_title":false,"_birdpress_anchor_navigation_id":651,"_birdpress_anchor_navigation":"Colombia - Anchor (spa)","_birdpress_postType":"both","_birdpress_categoryID":0,"_birdpress_tagID":0,"_birdpress_parentPostID":0,"_birdpress_parentPostTitle":"","_birdpress_menuID":0,"_birdpress_menuName":"","_birdpress_listHeader":"","_birdpress_listLayout":"card-display","_birdpress_listColumns":"","_birdpress_maxItems":12,"_birdpress_listPaginate":true,"_birdpress_displaySort":true,"_birdpress_sortOrder":"DESC","_birdpress_sortBy":"date","_birdpress_listID":"","_birdpress_listClass":"","_birdpress_displayImages":true,"_birdpress_displayCaptions":false,"_birdpress_displayExcerpts":false,"_birdpress_attTop":"","_birdpress_attBottom":"","_birdpress_showLogos":false,"_birdpress_post_logo":0,"mc4wp_mailchimp_campaign":[],"footnotes":""},"categories":[163],"tags":[],"content-format":[],"class_list":["post-710","post","type-post","status-publish","format-standard","has-post-thumbnail","hentry","category-paises-y-territorios"],"lang":"es","translations":{"es":710,"en":686},"pll_sync_post":[],"_links":{"self":[{"href":"https:\/\/www.birds.cornell.edu\/latam\/wp-json\/wp\/v2\/posts\/710","targetHints":{"allow":["GET"]}}],"collection":[{"href":"https:\/\/www.birds.cornell.edu\/latam\/wp-json\/wp\/v2\/posts"}],"about":[{"href":"https:\/\/www.birds.cornell.edu\/latam\/wp-json\/wp\/v2\/types\/post"}],"author":[{"embeddable":true,"href":"https:\/\/www.birds.cornell.edu\/latam\/wp-json\/wp\/v2\/users\/3"}],"replies":[{"embeddable":true,"href":"https:\/\/www.birds.cornell.edu\/latam\/wp-json\/wp\/v2\/comments?post=710"}],"version-history":[{"count":0,"href":"https:\/\/www.birds.cornell.edu\/latam\/wp-json\/wp\/v2\/posts\/710\/revisions"}],"wp:featuredmedia":[{"embeddable":true,"href":"https:\/\/www.birds.cornell.edu\/latam\/wp-json\/wp\/v2\/media\/785"}],"wp:attachment":[{"href":"https:\/\/www.birds.cornell.edu\/latam\/wp-json\/wp\/v2\/media?parent=710"}],"wp:term":[{"taxonomy":"category","embeddable":true,"href":"https:\/\/www.birds.cornell.edu\/latam\/wp-json\/wp\/v2\/categories?post=710"},{"taxonomy":"post_tag","embeddable":true,"href":"https:\/\/www.birds.cornell.edu\/latam\/wp-json\/wp\/v2\/tags?post=710"},{"taxonomy":"content-format","embeddable":true,"href":"https:\/\/www.birds.cornell.edu\/latam\/wp-json\/wp\/v2\/content-format?post=710"}],"curies":[{"name":"wp","href":"https:\/\/api.w.org\/{rel}","templated":true}]}}