{"id":8454,"date":"2023-01-15T11:54:00","date_gmt":"2023-01-15T16:54:00","guid":{"rendered":"https:\/\/www.birds.cornell.edu\/latam\/?p=8454"},"modified":"2023-09-27T12:35:33","modified_gmt":"2023-09-27T17:35:33","slug":"la-casa-del-artista","status":"publish","type":"post","link":"https:\/\/www.birds.cornell.edu\/latam\/la-casa-del-artista\/","title":{"rendered":"La Casa del Artista"},"content":{"rendered":"\n<p>El centro cultural <a href=\"https:\/\/www.facebook.com\/lacasa.delartista.904\"><strong>La Casa del Artista<\/strong><\/a><strong> <\/strong>tiene como objetivo fomentar el desarrollo comunitario a trav\u00e9s de las artes, la educaci\u00f3n y la sensibilizaci\u00f3n ambiental y comunitaria por medio de la cultura. Desde hace algunos a\u00f1os, este colectivo de artistas extraordinarios, inici\u00f3 una serie de talleres para las comunidades de Managua y sus alrededores en Nicaragua, a la que llamaron \u201cEl mundo de las aves\u201d. Estos talleres generaron un espacio de intercambio de conocimientos acerca de las aves, sus h\u00e1bitats y relaci\u00f3n con el entorno humano, las artes y la cultura nicarag\u00fcense y la ciencia participativa. De esta serie de talleres naci\u00f3 \u201cAves al pie del cerro\u201d, una celebraci\u00f3n maravillosa por las aves y el bienestar de ellas y la comunidad en el barrio Villa Libertad, apoyada en parte por una mini-beca del Laboratorio de Ornitolog\u00eda de la Universidad de Cornell para organizaciones y grupos latinoamericanos y de El Caribe. Las aves, los artes y la comunidad lograron integrarse en el barrio Villa Libertad, consolidando un espacio participativo y entretenido para todos, generando amor por las aves locales y creando conciencia acerca de la importancia de observarlas y protegerlas por el bienestar de todos. Al mismo tiempo, se desarrollaron acciones concretas participativas e inclusivas para mejorar el medio ambiente y la calidad de vida en la comunidad. \u00a1Fue incre\u00edble!<\/p>\n\n\n\n<h2 class=\"wp-block-heading\">Murales y Afiches <\/h2>\n\n\n\n<p>Era importante encontrar los elementos de la naturaleza que serv\u00edan para representar las emociones de las personas. Muchos en Nicaragua est\u00e1n preocupados del avance de la frontera agr\u00edcola y el crecimiento poblacional y urban\u00edstico que ha causado mucha deforestaci\u00f3n en el pa\u00eds, impactando a las poblaciones de aves residentes y migratorias, y otras especies animales y a los asentamientos humanos. Luego de intercambiar saberes y perspectivas con la comunidad, se concluy\u00f3 que los elementos b\u00e1sicos que deb\u00eda contener un mural comunitario son las aves, el r\u00edo, y el cerro. El mural se realiz\u00f3 gracias a la coordinaci\u00f3n de <strong>Juan David Hern\u00e1ndez<\/strong> y se pint\u00f3 en las paredes de la pulper\u00eda del barrio, un lugar muy popular, en donde personas de diferentes edades interact\u00faan en el barrio Villa Libertad. El mural result\u00f3 precioso, diversas personas de la comunidad se juntaron a pintar aves en la pared. Adem\u00e1s, participantes de los talleres crearon maceteras con formas de aves y elaboradas a partir de materiales reusados, como llantas de autom\u00f3viles. El afiche del festival fue creado con la colaboraci\u00f3n de <strong>Cintya Espinoza<\/strong>, una artista joven comprometida a causas sociales que dedic\u00f3 su tiempo a contextualizar el afiche del programa. El afiche incluye elementos claves como los cerros y aves de la zona. \u00a1Una maravilla!<\/p>\n\n\n\n<figure class=\"wp-block-image size-large\"><img decoding=\"async\" width=\"1280\" height=\"576\" data-src=\"https:\/\/www.birds.cornell.edu\/latam\/wp-content\/uploads\/2022\/10\/Preparacion-de-espacio-para-mural-colectivo-1-1280x576.jpg\" alt=\"\" class=\"wp-image-8955 lazyload\" data-srcset=\"https:\/\/www.birds.cornell.edu\/latam\/wp-content\/uploads\/2022\/10\/Preparacion-de-espacio-para-mural-colectivo-1-1280x576.jpg 1280w, https:\/\/www.birds.cornell.edu\/latam\/wp-content\/uploads\/2022\/10\/Preparacion-de-espacio-para-mural-colectivo-1-720x324.jpg 720w, https:\/\/www.birds.cornell.edu\/latam\/wp-content\/uploads\/2022\/10\/Preparacion-de-espacio-para-mural-colectivo-1-768x346.jpg 768w, https:\/\/www.birds.cornell.edu\/latam\/wp-content\/uploads\/2022\/10\/Preparacion-de-espacio-para-mural-colectivo-1-1536x691.jpg 1536w, https:\/\/www.birds.cornell.edu\/latam\/wp-content\/uploads\/2022\/10\/Preparacion-de-espacio-para-mural-colectivo-1-2048x922.jpg 2048w, https:\/\/www.birds.cornell.edu\/latam\/wp-content\/uploads\/2022\/10\/Preparacion-de-espacio-para-mural-colectivo-1-480x216.jpg 480w\" data-sizes=\"(max-width: 1280px) 100vw, 1280px\" src=\"data:image\/svg+xml;base64,PHN2ZyB3aWR0aD0iMSIgaGVpZ2h0PSIxIiB4bWxucz0iaHR0cDovL3d3dy53My5vcmcvMjAwMC9zdmciPjwvc3ZnPg==\" style=\"--smush-placeholder-width: 1280px; --smush-placeholder-aspect-ratio: 1280\/576;\" \/><figcaption class=\"wp-element-caption\">Creditos: Centro Cultural La Casa del Artista<\/figcaption><\/figure>\n\n\n\n<h2 class=\"wp-block-heading\"><strong>Presentaciones Art\u00edsticas y Avistamiento de Aves<\/strong><\/h2>\n\n\n\n<p>Al comienzo de los talleres, los grupos art\u00edsticos comenzaron a llegar al barrio. Por lo que, \u00a1las personas de la comunidad empezaron a emocionarse! Hab\u00eda una especie de alegr\u00eda en el aire mientras los participantes se preparaban para el d\u00eda de celebraciones. El primer d\u00eda de actividades abri\u00f3 oficialmente con palabras de bienvenida por parte de representantes comunitarios y <strong>Ariel Salinas<\/strong>, quien represent\u00f3 a La casa del Artista, ambas partes, enfatizaron la importancia de la conservaci\u00f3n de las aves para el equilibrio de la naturaleza y el medio ambiente que compartimos. Hab\u00edan muchos malabaristas para entretener a la comunidad, dando un espect\u00e1culo incre\u00edble de fuego y hula hula, \u00a1vaya diversi\u00f3n! Durante el segundo d\u00eda de actividades, se desarrollaron actividades basadas en el curr\u00edculo \u201cDetectives de Aves Internacional\u201d del programa Educaci\u00f3n K-12 del Laboratorio de Ornitolog\u00eda de la Universidad de Cornell. Adem\u00e1s, se realiz\u00f3 una caminata para observar aves que inici\u00f3 a las 6:00am. En el trayecto hacia la cumbre del cerro, se observaron 63 individuos de 43 especies de aves. Una segunda caminata de observaci\u00f3n se realiz\u00f3 en horas de la tarde en la laguna \u201cLa Bruja\u201d, ubicada en la reserva la Patasta; aqu\u00ed se observaron 41 individuos de 21 especies de aves. En estos avistamientos, paso algo incre\u00edble; se observ\u00f3 e identific\u00f3 por canto al Charralero Cejiblanco, <a href=\"https:\/\/www.allaboutbirds.org\/guide\/Carolina_Wren\/overview\"><em>Thryothorus ludovicianus<\/em><\/a>. Esta ave se encuentra en la lista roja de aves en peligro en Nicaragua, por lo que caus\u00f3 gran impacto en los participantes. Adem\u00e1s, el n\u00famero de especies observadas durante esta caminata, fue el mayor registrado en los \u00faltimos 5 a\u00f1os en el lugar. \u00a1Qu\u00e9 alegr\u00eda! Esta informaci\u00f3n se comparti\u00f3 en ebird. Un gran ejemplo de que todos pueden apoyar en la ciencia participativa. Por otra parte, no todo los que se observ\u00f3 fue acerca de las aves. \u00a1Tambi\u00e9n se observaron unas flores maravillosas! En la cumbre del cerro, se observaron incluso especies de plantas que se han visto reducidas en su distribuci\u00f3n por las actividades agropecuarias, generando conciencia acerca de estas especies y el rol que se tiene en torno al tema ambiental y las especies locales.<\/p>\n\n\n\n<figure class=\"wp-block-gallery has-nested-images columns-default is-cropped wp-block-gallery-1 is-layout-flex wp-block-gallery-is-layout-flex\">\n<figure class=\"wp-block-image size-large\"><img decoding=\"async\" width=\"1920\" height=\"1080\" data-id=\"8913\" data-src=\"https:\/\/www.birds.cornell.edu\/latam\/wp-content\/uploads\/2022\/10\/Nido-de-las-artes-_durante-el-festival.jpg\" alt=\"\" class=\"wp-image-8913 lazyload\" data-srcset=\"https:\/\/www.birds.cornell.edu\/latam\/wp-content\/uploads\/2022\/10\/Nido-de-las-artes-_durante-el-festival.jpg 1920w, https:\/\/www.birds.cornell.edu\/latam\/wp-content\/uploads\/2022\/10\/Nido-de-las-artes-_durante-el-festival-720x405.jpg 720w, https:\/\/www.birds.cornell.edu\/latam\/wp-content\/uploads\/2022\/10\/Nido-de-las-artes-_durante-el-festival-1280x720.jpg 1280w, https:\/\/www.birds.cornell.edu\/latam\/wp-content\/uploads\/2022\/10\/Nido-de-las-artes-_durante-el-festival-768x432.jpg 768w, https:\/\/www.birds.cornell.edu\/latam\/wp-content\/uploads\/2022\/10\/Nido-de-las-artes-_durante-el-festival-1536x864.jpg 1536w, https:\/\/www.birds.cornell.edu\/latam\/wp-content\/uploads\/2022\/10\/Nido-de-las-artes-_durante-el-festival-480x270.jpg 480w\" data-sizes=\"(max-width: 1920px) 100vw, 1920px\" src=\"data:image\/svg+xml;base64,PHN2ZyB3aWR0aD0iMSIgaGVpZ2h0PSIxIiB4bWxucz0iaHR0cDovL3d3dy53My5vcmcvMjAwMC9zdmciPjwvc3ZnPg==\" style=\"--smush-placeholder-width: 1920px; --smush-placeholder-aspect-ratio: 1920\/1080;\" \/><\/figure>\n\n\n\n<figure class=\"wp-block-image size-large\"><img decoding=\"async\" width=\"1920\" height=\"1080\" data-id=\"8915\" data-src=\"https:\/\/www.birds.cornell.edu\/latam\/wp-content\/uploads\/2022\/10\/Nido-de-las-artes-durante-el-festival-2.jpg\" alt=\"\" class=\"wp-image-8915 lazyload\" data-srcset=\"https:\/\/www.birds.cornell.edu\/latam\/wp-content\/uploads\/2022\/10\/Nido-de-las-artes-durante-el-festival-2.jpg 1920w, https:\/\/www.birds.cornell.edu\/latam\/wp-content\/uploads\/2022\/10\/Nido-de-las-artes-durante-el-festival-2-720x405.jpg 720w, https:\/\/www.birds.cornell.edu\/latam\/wp-content\/uploads\/2022\/10\/Nido-de-las-artes-durante-el-festival-2-1280x720.jpg 1280w, https:\/\/www.birds.cornell.edu\/latam\/wp-content\/uploads\/2022\/10\/Nido-de-las-artes-durante-el-festival-2-768x432.jpg 768w, https:\/\/www.birds.cornell.edu\/latam\/wp-content\/uploads\/2022\/10\/Nido-de-las-artes-durante-el-festival-2-1536x864.jpg 1536w, https:\/\/www.birds.cornell.edu\/latam\/wp-content\/uploads\/2022\/10\/Nido-de-las-artes-durante-el-festival-2-480x270.jpg 480w\" data-sizes=\"(max-width: 1920px) 100vw, 1920px\" src=\"data:image\/svg+xml;base64,PHN2ZyB3aWR0aD0iMSIgaGVpZ2h0PSIxIiB4bWxucz0iaHR0cDovL3d3dy53My5vcmcvMjAwMC9zdmciPjwvc3ZnPg==\" style=\"--smush-placeholder-width: 1920px; --smush-placeholder-aspect-ratio: 1920\/1080;\" \/><\/figure>\n\n\n\n<figure class=\"wp-block-image size-large\"><img decoding=\"async\" width=\"2560\" height=\"1440\" data-id=\"8917\" data-src=\"https:\/\/www.birds.cornell.edu\/latam\/wp-content\/uploads\/2022\/10\/Nido-de-las-artes-y-Noelia-previo-al-inicio-del-festival-scaled.jpg\" alt=\"\" class=\"wp-image-8917 lazyload\" data-srcset=\"https:\/\/www.birds.cornell.edu\/latam\/wp-content\/uploads\/2022\/10\/Nido-de-las-artes-y-Noelia-previo-al-inicio-del-festival-scaled.jpg 2560w, https:\/\/www.birds.cornell.edu\/latam\/wp-content\/uploads\/2022\/10\/Nido-de-las-artes-y-Noelia-previo-al-inicio-del-festival-720x405.jpg 720w, https:\/\/www.birds.cornell.edu\/latam\/wp-content\/uploads\/2022\/10\/Nido-de-las-artes-y-Noelia-previo-al-inicio-del-festival-1280x720.jpg 1280w, https:\/\/www.birds.cornell.edu\/latam\/wp-content\/uploads\/2022\/10\/Nido-de-las-artes-y-Noelia-previo-al-inicio-del-festival-768x432.jpg 768w, https:\/\/www.birds.cornell.edu\/latam\/wp-content\/uploads\/2022\/10\/Nido-de-las-artes-y-Noelia-previo-al-inicio-del-festival-1536x864.jpg 1536w, https:\/\/www.birds.cornell.edu\/latam\/wp-content\/uploads\/2022\/10\/Nido-de-las-artes-y-Noelia-previo-al-inicio-del-festival-2048x1152.jpg 2048w, https:\/\/www.birds.cornell.edu\/latam\/wp-content\/uploads\/2022\/10\/Nido-de-las-artes-y-Noelia-previo-al-inicio-del-festival-480x270.jpg 480w\" data-sizes=\"(max-width: 2560px) 100vw, 2560px\" src=\"data:image\/svg+xml;base64,PHN2ZyB3aWR0aD0iMSIgaGVpZ2h0PSIxIiB4bWxucz0iaHR0cDovL3d3dy53My5vcmcvMjAwMC9zdmciPjwvc3ZnPg==\" style=\"--smush-placeholder-width: 2560px; --smush-placeholder-aspect-ratio: 2560\/1440;\" \/><\/figure>\n\n\n\n<figure class=\"wp-block-image size-large\"><img decoding=\"async\" width=\"2560\" height=\"1440\" data-id=\"8919\" data-src=\"https:\/\/www.birds.cornell.edu\/latam\/wp-content\/uploads\/2022\/10\/Nido-de-las-artes_durante-el-festival-scaled.jpg\" alt=\"\" class=\"wp-image-8919 lazyload\" data-srcset=\"https:\/\/www.birds.cornell.edu\/latam\/wp-content\/uploads\/2022\/10\/Nido-de-las-artes_durante-el-festival-scaled.jpg 2560w, https:\/\/www.birds.cornell.edu\/latam\/wp-content\/uploads\/2022\/10\/Nido-de-las-artes_durante-el-festival-720x405.jpg 720w, https:\/\/www.birds.cornell.edu\/latam\/wp-content\/uploads\/2022\/10\/Nido-de-las-artes_durante-el-festival-1280x720.jpg 1280w, https:\/\/www.birds.cornell.edu\/latam\/wp-content\/uploads\/2022\/10\/Nido-de-las-artes_durante-el-festival-768x432.jpg 768w, https:\/\/www.birds.cornell.edu\/latam\/wp-content\/uploads\/2022\/10\/Nido-de-las-artes_durante-el-festival-1536x864.jpg 1536w, https:\/\/www.birds.cornell.edu\/latam\/wp-content\/uploads\/2022\/10\/Nido-de-las-artes_durante-el-festival-2048x1152.jpg 2048w, https:\/\/www.birds.cornell.edu\/latam\/wp-content\/uploads\/2022\/10\/Nido-de-las-artes_durante-el-festival-480x270.jpg 480w\" data-sizes=\"(max-width: 2560px) 100vw, 2560px\" src=\"data:image\/svg+xml;base64,PHN2ZyB3aWR0aD0iMSIgaGVpZ2h0PSIxIiB4bWxucz0iaHR0cDovL3d3dy53My5vcmcvMjAwMC9zdmciPjwvc3ZnPg==\" style=\"--smush-placeholder-width: 2560px; --smush-placeholder-aspect-ratio: 2560\/1440;\" \/><\/figure>\n\n\n\n<figure class=\"wp-block-image size-large\"><img decoding=\"async\" width=\"2560\" height=\"1440\" data-id=\"8921\" data-src=\"https:\/\/www.birds.cornell.edu\/latam\/wp-content\/uploads\/2022\/10\/Noelia_Artista-circense-previo-al-inicio-del-festival-scaled.jpg\" alt=\"\" class=\"wp-image-8921 lazyload\" data-srcset=\"https:\/\/www.birds.cornell.edu\/latam\/wp-content\/uploads\/2022\/10\/Noelia_Artista-circense-previo-al-inicio-del-festival-scaled.jpg 2560w, https:\/\/www.birds.cornell.edu\/latam\/wp-content\/uploads\/2022\/10\/Noelia_Artista-circense-previo-al-inicio-del-festival-720x405.jpg 720w, https:\/\/www.birds.cornell.edu\/latam\/wp-content\/uploads\/2022\/10\/Noelia_Artista-circense-previo-al-inicio-del-festival-1280x720.jpg 1280w, https:\/\/www.birds.cornell.edu\/latam\/wp-content\/uploads\/2022\/10\/Noelia_Artista-circense-previo-al-inicio-del-festival-768x432.jpg 768w, https:\/\/www.birds.cornell.edu\/latam\/wp-content\/uploads\/2022\/10\/Noelia_Artista-circense-previo-al-inicio-del-festival-1536x864.jpg 1536w, https:\/\/www.birds.cornell.edu\/latam\/wp-content\/uploads\/2022\/10\/Noelia_Artista-circense-previo-al-inicio-del-festival-2048x1152.jpg 2048w, https:\/\/www.birds.cornell.edu\/latam\/wp-content\/uploads\/2022\/10\/Noelia_Artista-circense-previo-al-inicio-del-festival-480x270.jpg 480w\" data-sizes=\"(max-width: 2560px) 100vw, 2560px\" src=\"data:image\/svg+xml;base64,PHN2ZyB3aWR0aD0iMSIgaGVpZ2h0PSIxIiB4bWxucz0iaHR0cDovL3d3dy53My5vcmcvMjAwMC9zdmciPjwvc3ZnPg==\" style=\"--smush-placeholder-width: 2560px; --smush-placeholder-aspect-ratio: 2560\/1440;\" \/><\/figure>\n<figcaption class=\"blocks-gallery-caption wp-element-caption\">Creditos: Centro Cultural La Casa del Artista<\/figcaption><\/figure>\n\n\n\n<h2 class=\"wp-block-heading\"><strong>Reforestaci\u00f3n con Mandag\u00fcal y el Fin<\/strong><\/h2>\n\n\n\n<p>Como parte de los talleres, se realiz\u00f3 un esfuerzo por reforestar con una especie nativa a orillas de la microcuenca del r\u00edo Musunce. La especie de \u00e1rboles que se plant\u00f3 fue el Mandag\u00fcal; una especie nativa de M\u00e9xico y Centroam\u00e9rica; ideal para plantar en Nicaragua. El Mandag\u00fcal es importante para la regeneraci\u00f3n natural de las \u00e1reas perturbadas, debido a su alta capacidad regenerativa; por lo que, plantaron 80 Mandag\u00fcales en la zona. Se comparti\u00f3 un refrigerio, almuerzo y se realiz\u00f3 el \u00faltimo avistamiento en la Laguna la Bruja, finalizando los talleres con palabras de agradecimiento por parte de los presentes. Damos gracias a los organizadores, a todos los artistas que ayudaron a hacer este evento una realidad y a todos los participantes que animaron los talleres con su pasi\u00f3n por las aves y participaci\u00f3n.<\/p>\n\n\n\n<figure class=\"wp-block-gallery has-nested-images columns-default is-cropped wp-block-gallery-2 is-layout-flex wp-block-gallery-is-layout-flex\">\n<figure class=\"wp-block-image size-large\"><img decoding=\"async\" width=\"774\" height=\"1032\" data-id=\"8959\" data-src=\"https:\/\/www.birds.cornell.edu\/latam\/wp-content\/uploads\/2022\/10\/Reforestacion-con-Mandagual_-Caesalpinia-Velutina-2.jpeg\" alt=\"\" class=\"wp-image-8959 lazyload\" data-srcset=\"https:\/\/www.birds.cornell.edu\/latam\/wp-content\/uploads\/2022\/10\/Reforestacion-con-Mandagual_-Caesalpinia-Velutina-2.jpeg 774w, https:\/\/www.birds.cornell.edu\/latam\/wp-content\/uploads\/2022\/10\/Reforestacion-con-Mandagual_-Caesalpinia-Velutina-2-720x960.jpeg 720w, https:\/\/www.birds.cornell.edu\/latam\/wp-content\/uploads\/2022\/10\/Reforestacion-con-Mandagual_-Caesalpinia-Velutina-2-768x1024.jpeg 768w, https:\/\/www.birds.cornell.edu\/latam\/wp-content\/uploads\/2022\/10\/Reforestacion-con-Mandagual_-Caesalpinia-Velutina-2-480x640.jpeg 480w\" data-sizes=\"(max-width: 774px) 100vw, 774px\" src=\"data:image\/svg+xml;base64,PHN2ZyB3aWR0aD0iMSIgaGVpZ2h0PSIxIiB4bWxucz0iaHR0cDovL3d3dy53My5vcmcvMjAwMC9zdmciPjwvc3ZnPg==\" style=\"--smush-placeholder-width: 774px; --smush-placeholder-aspect-ratio: 774\/1032;\" \/><\/figure>\n\n\n\n<figure class=\"wp-block-image size-large\"><img decoding=\"async\" width=\"774\" height=\"1032\" data-id=\"8957\" data-src=\"https:\/\/www.birds.cornell.edu\/latam\/wp-content\/uploads\/2022\/10\/Reforestacion_Barrio-La-Ceibita-2.jpeg\" alt=\"\" class=\"wp-image-8957 lazyload\" data-srcset=\"https:\/\/www.birds.cornell.edu\/latam\/wp-content\/uploads\/2022\/10\/Reforestacion_Barrio-La-Ceibita-2.jpeg 774w, https:\/\/www.birds.cornell.edu\/latam\/wp-content\/uploads\/2022\/10\/Reforestacion_Barrio-La-Ceibita-2-720x960.jpeg 720w, https:\/\/www.birds.cornell.edu\/latam\/wp-content\/uploads\/2022\/10\/Reforestacion_Barrio-La-Ceibita-2-768x1024.jpeg 768w, https:\/\/www.birds.cornell.edu\/latam\/wp-content\/uploads\/2022\/10\/Reforestacion_Barrio-La-Ceibita-2-480x640.jpeg 480w\" data-sizes=\"(max-width: 774px) 100vw, 774px\" src=\"data:image\/svg+xml;base64,PHN2ZyB3aWR0aD0iMSIgaGVpZ2h0PSIxIiB4bWxucz0iaHR0cDovL3d3dy53My5vcmcvMjAwMC9zdmciPjwvc3ZnPg==\" style=\"--smush-placeholder-width: 774px; --smush-placeholder-aspect-ratio: 774\/1032;\" \/><\/figure>\n<figcaption class=\"blocks-gallery-caption wp-element-caption\">Creditos: Centro Cultural La Casa del Artista<\/figcaption><\/figure>\n\n\n\n<p>Un agradecimiento especial al centro cultural La Casa del Artista y a los miembros: <strong>Erling Mor\u00e1n, Ariel Salinas, Sarah\u00ed Mendoza, Jonier Espinoza, Milton Talavera, David Rivera, Ronald D\u00edaz, Christoph Jaschek<\/strong>, quienes fueron el motor detr\u00e1s de los talleres y dedicaron su tiempo y esfuerzo para que las actividades fueran todo un \u00e9xito. Se agradece a <strong>Agropecuaria Caballero S.A.<\/strong> por su rol fundamental para el desarrollo de las actividades y al <a href=\"https:\/\/www.birds.cornell.edu\/home\">Laboratorio de Ornitolog\u00eda de la Universidad de Cornell<\/a> por su apoyo a estos talleres por medio de una mini-beca. Se da un especial agradecimiento a <strong>Alfredo Cabellero, Carlos Emilio G\u00f3mez, Sr. Noel Zambrana, Suyapa Acevedo<\/strong>, a la <strong>Iglesia del Nazareno<\/strong> y a todas las familias del barrio Villa Libertad que participaron activamente en los talleres.&nbsp;<\/p>\n\n\n\n<p>P\u00e1gina desarrollada por Diego Valle<\/p>\n","protected":false},"excerpt":{"rendered":"<p>Nicaragua <\/p>\n","protected":false},"author":7,"featured_media":9279,"comment_status":"open","ping_status":"closed","sticky":false,"template":"","format":"standard","meta":{"_birdpress_hero_toggle":true,"_birdpress_hero_type":"image","_birdpress_hero_image_type":"image","_birdpress_hero_style":"default","_birdpress_hero_ratio":"","_birdpress_hero_h1":"La Casa del Artista","_birdpress_hero_media_id":9241,"_birdpress_hero_media_array_id":[],"_birdpress_hero_media_array":[],"_birdpress_hero_media":0,"_birdpress_hero_video_id":0,"_birdpress_hero_video":0,"_birdpress_hero_youtube":"","_birdpress_hero_content":true,"_birdpress_hero_byline":"Las artes promueven el amor por las aves en Nicaragua.","_birdpress_hero_byline_bottom":"","_birdpress_hero_button_link":"","_birdpress_hero_button_text":"","_birdpress_hero_button_color":"","_birdpress_hero_date":false,"original_guid":"","_birdpress_hide_search":false,"_birdpress_page_width":"","_birdpress_global_cta":false,"_birdpress_widget_sidebar":"","_birdpress_next_article":0,"_birdpress_next_article_title":"","_birdpress_prev_article":0,"_birdpress_prev_article_title":"","_birdpress_sub_navigation_id":0,"_birdpress_sub_navigation":"","_birdpress_sub_navigation_title":false,"_birdpress_anchor_navigation_id":0,"_birdpress_anchor_navigation":"","_birdpress_postType":"both","_birdpress_categoryID":0,"_birdpress_tagID":0,"_birdpress_parentPostID":0,"_birdpress_parentPostTitle":"","_birdpress_menuID":0,"_birdpress_menuName":"","_birdpress_listHeader":"","_birdpress_listLayout":"card-display","_birdpress_listColumns":"","_birdpress_maxItems":12,"_birdpress_listPaginate":true,"_birdpress_displaySort":true,"_birdpress_sortOrder":"DESC","_birdpress_sortBy":"date","_birdpress_listID":"","_birdpress_listClass":"","_birdpress_displayImages":true,"_birdpress_displayCaptions":false,"_birdpress_displayExcerpts":false,"_birdpress_attTop":"","_birdpress_attBottom":"","_birdpress_showLogos":false,"_birdpress_post_logo":0,"mc4wp_mailchimp_campaign":[],"footnotes":""},"categories":[443],"tags":[],"content-format":[],"class_list":["post-8454","post","type-post","status-publish","format-standard","has-post-thumbnail","hentry","category-comunidad"],"lang":"es","translations":{"es":8454,"en":8456},"pll_sync_post":[],"_links":{"self":[{"href":"https:\/\/www.birds.cornell.edu\/latam\/wp-json\/wp\/v2\/posts\/8454","targetHints":{"allow":["GET"]}}],"collection":[{"href":"https:\/\/www.birds.cornell.edu\/latam\/wp-json\/wp\/v2\/posts"}],"about":[{"href":"https:\/\/www.birds.cornell.edu\/latam\/wp-json\/wp\/v2\/types\/post"}],"author":[{"embeddable":true,"href":"https:\/\/www.birds.cornell.edu\/latam\/wp-json\/wp\/v2\/users\/7"}],"replies":[{"embeddable":true,"href":"https:\/\/www.birds.cornell.edu\/latam\/wp-json\/wp\/v2\/comments?post=8454"}],"version-history":[{"count":0,"href":"https:\/\/www.birds.cornell.edu\/latam\/wp-json\/wp\/v2\/posts\/8454\/revisions"}],"wp:featuredmedia":[{"embeddable":true,"href":"https:\/\/www.birds.cornell.edu\/latam\/wp-json\/wp\/v2\/media\/9279"}],"wp:attachment":[{"href":"https:\/\/www.birds.cornell.edu\/latam\/wp-json\/wp\/v2\/media?parent=8454"}],"wp:term":[{"taxonomy":"category","embeddable":true,"href":"https:\/\/www.birds.cornell.edu\/latam\/wp-json\/wp\/v2\/categories?post=8454"},{"taxonomy":"post_tag","embeddable":true,"href":"https:\/\/www.birds.cornell.edu\/latam\/wp-json\/wp\/v2\/tags?post=8454"},{"taxonomy":"content-format","embeddable":true,"href":"https:\/\/www.birds.cornell.edu\/latam\/wp-json\/wp\/v2\/content-format?post=8454"}],"curies":[{"name":"wp","href":"https:\/\/api.w.org\/{rel}","templated":true}]}}