{"id":9826,"date":"2023-03-12T20:58:17","date_gmt":"2023-03-13T01:58:17","guid":{"rendered":"https:\/\/www.birds.cornell.edu\/latam\/?p=9826"},"modified":"2023-05-05T11:02:06","modified_gmt":"2023-05-05T16:02:06","slug":"iniciativa-turismo-alternativo","status":"publish","type":"post","link":"https:\/\/www.birds.cornell.edu\/latam\/iniciativa-turismo-alternativo\/","title":{"rendered":"Iniciativa Turismo Alternativo"},"content":{"rendered":"\n<h2 class=\"wp-block-heading\">Descubriendo Pasiones<\/h2>\n\n\n\n<p>A veces no descubrimos nuestras pasiones hasta tarde en nuestras vidas. Es dif\u00edcil saber que te encanta algo sin haber sido primero expuesto a ello. Con esta consideraci\u00f3n en mente, el colectivo <a href=\"https:\/\/www.facebook.com\/italternativo\/\">Iniciativa Turismo Alternativo<\/a> de Carazo, Nicaragua, liderado por <strong>Jeaneth Garc\u00eda Medrano<\/strong>, se embarc\u00f3 en la misi\u00f3n de despertar el amor por las aves en su comunidad y facilitar el reencuentro de las personas con la naturaleza maravillosa nicarag\u00fcense. Por esto mismo, el colectivo gan\u00f3 una mini-beca del <a href=\"https:\/\/www.birds.cornell.edu\/home\">Laboratorio de Ornitolog\u00eda de la Universidad de Cornell<\/a> para organizaciones y grupos latinoamericanos y de El Caribe para apoyar sus actividades educativas en la regi\u00f3n. Como dijo Jeaneth \u201clas cosas se entienden mejor cuando son aplicadas a algo pr\u00e1ctico\u201d. Por ello, las actividades realizadas se basaron en el curr\u00edculo <a href=\"https:\/\/www.birds.cornell.edu\/k12\/birdsleuth-international-detectives-de-aves\/\">Detectives de Aves Internacional<\/a>. Se dio \u00e9nfasis al monitoreo comunitario, como una herramienta para obtener y aportar informaci\u00f3n acerca de las aves; y de manera especial, de las aves migratorias. Las actividades se dise\u00f1aron para todo tipo de participante: ni\u00f1os, j\u00f3venes y adultos, todos fueron invitados a participar para promover el amor para las aves.&nbsp;<\/p>\n\n\n\n<p>Los talleres fueron muchos y \u00a1muy entretenidos! Se desarrollaron con el apoyo de estudiantes de la <a href=\"https:\/\/www.ucn.edu.ni\/\">Universidad Central de Nicaragua (UCN) Campus Jinotepe<\/a> y los integrantes del <strong>Club Juvenil Guardianes de las aves de Carazo \u201cSaltapi\u00f1uela\u201d<\/strong>. \u00a1La diversi\u00f3n solo comenzaba! Con la participaci\u00f3n de j\u00f3venes de 9<sup>o<\/sup> grado, se identific\u00f3 un espacio en un bosque cercano adecuado para mejorar su h\u00e1bitat. Removieron la basura encontrada, identificaron especies de plantas adecuadas para la alimentaci\u00f3n de las aves y cultivaron plantas nativas. Con la misma idea en mente, ni\u00f1os de 3<sup>o<\/sup> y 4<sup>o<\/sup> grado de la <strong>Escuela Edmundo Rom\u00e1n <\/strong>plantaron \u00e1rboles nativos y aprendieron acerca de los h\u00e1bitats de las aves de la zona. \u00a1Una maravilla! Estos talleres al aire libre pusieron la naturaleza en una nueva perspectiva para los j\u00f3venes. Siempre han vivido rodeados por la gran biodiversidad de Carazo, pero antes de los talleres no hab\u00edan tenido la oportunidad de interactuar con ella de manera tan beneficiosa para la avifauna de la zona. Fue un momento precioso para ellos, en donde descubrieron el placer de proteger y cultivar la naturaleza de su hogar.&nbsp;<\/p>\n\n\n\n<figure class=\"wp-block-gallery has-nested-images columns-default is-cropped wp-block-gallery-1 is-layout-flex wp-block-gallery-is-layout-flex\">\n<figure class=\"wp-block-image size-large\"><img decoding=\"async\" width=\"1040\" height=\"492\" data-id=\"9841\" data-src=\"https:\/\/www.birds.cornell.edu\/latam\/wp-content\/uploads\/2023\/03\/IMG-20210827-WA0017-1.jpg\" alt=\"\" class=\"wp-image-9841 lazyload\" data-srcset=\"https:\/\/www.birds.cornell.edu\/latam\/wp-content\/uploads\/2023\/03\/IMG-20210827-WA0017-1.jpg 1040w, https:\/\/www.birds.cornell.edu\/latam\/wp-content\/uploads\/2023\/03\/IMG-20210827-WA0017-1-720x341.jpg 720w, https:\/\/www.birds.cornell.edu\/latam\/wp-content\/uploads\/2023\/03\/IMG-20210827-WA0017-1-768x363.jpg 768w, https:\/\/www.birds.cornell.edu\/latam\/wp-content\/uploads\/2023\/03\/IMG-20210827-WA0017-1-480x227.jpg 480w\" data-sizes=\"(max-width: 1040px) 100vw, 1040px\" src=\"data:image\/svg+xml;base64,PHN2ZyB3aWR0aD0iMSIgaGVpZ2h0PSIxIiB4bWxucz0iaHR0cDovL3d3dy53My5vcmcvMjAwMC9zdmciPjwvc3ZnPg==\" style=\"--smush-placeholder-width: 1040px; --smush-placeholder-aspect-ratio: 1040\/492;\" \/><\/figure>\n\n\n\n<figure class=\"wp-block-image size-large\"><img decoding=\"async\" width=\"1040\" height=\"492\" data-id=\"9843\" data-src=\"https:\/\/www.birds.cornell.edu\/latam\/wp-content\/uploads\/2023\/03\/IMG-20210827-WA0018.jpg\" alt=\"\" class=\"wp-image-9843 lazyload\" data-srcset=\"https:\/\/www.birds.cornell.edu\/latam\/wp-content\/uploads\/2023\/03\/IMG-20210827-WA0018.jpg 1040w, https:\/\/www.birds.cornell.edu\/latam\/wp-content\/uploads\/2023\/03\/IMG-20210827-WA0018-720x341.jpg 720w, https:\/\/www.birds.cornell.edu\/latam\/wp-content\/uploads\/2023\/03\/IMG-20210827-WA0018-768x363.jpg 768w, https:\/\/www.birds.cornell.edu\/latam\/wp-content\/uploads\/2023\/03\/IMG-20210827-WA0018-480x227.jpg 480w\" data-sizes=\"(max-width: 1040px) 100vw, 1040px\" src=\"data:image\/svg+xml;base64,PHN2ZyB3aWR0aD0iMSIgaGVpZ2h0PSIxIiB4bWxucz0iaHR0cDovL3d3dy53My5vcmcvMjAwMC9zdmciPjwvc3ZnPg==\" style=\"--smush-placeholder-width: 1040px; --smush-placeholder-aspect-ratio: 1040\/492;\" \/><\/figure>\n<figcaption class=\"blocks-gallery-caption wp-element-caption\">Fotos Cortes\u00eda de Iniciativa Turismo Alternativo<\/figcaption><\/figure>\n\n\n\n<p>Para dar continuidad a las actividades para mejorar y crear h\u00e1bitat con los ni\u00f1os, se estableci\u00f3 un jard\u00edn escolar con nuestros amigos de la <strong>Escuela Edmundo Rom\u00e1n<\/strong>. En esta actividad, se involucr\u00f3 a ni\u00f1os, ni\u00f1as, docentes y l\u00edderes comunitarios. Todos estaban muy contentos de establecer un jard\u00edn en su escuela. Los ni\u00f1os no solo sembraron plantas; sino tambi\u00e9n; tomaron la oportunidad para limpiar los alrededores de la escuela. Un mensaje poderoso que nos ense\u00f1a que, al ayudar a las aves, nos ayudamos a nosotros mismos. Adem\u00e1s,&nbsp; los participantes fueron a observar aves a la <strong>Finca El Jicarito,<\/strong> ubicada en la comunidad <strong>Rom\u00e1n Esteban<\/strong>. La Finca es preciosa y es abundante en naturaleza y \u00e1reas boscosas; donde las aves abundan y son diversas.&nbsp;Los \u00faltimos talleres relacionados a crear h\u00e1bitat se realizaron en la finca <strong>El Sincoyo<\/strong>, donde se cre\u00f3 el <strong>Jard\u00edn del Colibr\u00ed<\/strong>. Una iniciativa maravillosa que integr\u00f3 la participaci\u00f3n de una&nbsp; arquitecta naturalista. Se espera que el jard\u00edn sea un espacio precioso para que los colibr\u00eds se junten y disfruten de los esfuerzos de la comunidad y todos puedan verlos y disfrutar de sus visitas. Adem\u00e1s, se establecieron alm\u00e1cigos para jardines, huertos y bosques.&nbsp;&nbsp;<\/p>\n\n\n\n<figure class=\"wp-block-image size-large\"><img decoding=\"async\" width=\"1280\" height=\"960\" data-src=\"https:\/\/www.birds.cornell.edu\/latam\/wp-content\/uploads\/2023\/03\/IMG-20210827-WA0075-1280x960.jpg\" alt=\"\" class=\"wp-image-9835 lazyload\" data-srcset=\"https:\/\/www.birds.cornell.edu\/latam\/wp-content\/uploads\/2023\/03\/IMG-20210827-WA0075-1280x960.jpg 1280w, https:\/\/www.birds.cornell.edu\/latam\/wp-content\/uploads\/2023\/03\/IMG-20210827-WA0075-720x540.jpg 720w, https:\/\/www.birds.cornell.edu\/latam\/wp-content\/uploads\/2023\/03\/IMG-20210827-WA0075-240x180.jpg 240w, https:\/\/www.birds.cornell.edu\/latam\/wp-content\/uploads\/2023\/03\/IMG-20210827-WA0075-768x576.jpg 768w, https:\/\/www.birds.cornell.edu\/latam\/wp-content\/uploads\/2023\/03\/IMG-20210827-WA0075-1536x1152.jpg 1536w, https:\/\/www.birds.cornell.edu\/latam\/wp-content\/uploads\/2023\/03\/IMG-20210827-WA0075-480x360.jpg 480w, https:\/\/www.birds.cornell.edu\/latam\/wp-content\/uploads\/2023\/03\/IMG-20210827-WA0075.jpg 1600w\" data-sizes=\"(max-width: 1280px) 100vw, 1280px\" src=\"data:image\/svg+xml;base64,PHN2ZyB3aWR0aD0iMSIgaGVpZ2h0PSIxIiB4bWxucz0iaHR0cDovL3d3dy53My5vcmcvMjAwMC9zdmciPjwvc3ZnPg==\" style=\"--smush-placeholder-width: 1280px; --smush-placeholder-aspect-ratio: 1280\/960;\" \/><figcaption class=\"wp-element-caption\">Fotos Cortes\u00eda de Iniciativa Turismo Alternativo<\/figcaption><\/figure>\n\n\n\n<p>Adem\u00e1s de las actividades acerca de h\u00e1bitat para las aves, se organiz\u00f3 una serie de talleres art\u00edsticos en colaboraci\u00f3n con estudiantes de la <strong>UCN Campus Jinotepe<\/strong>. En estos talleres hubo un gran intercambio de conocimientos entre los ni\u00f1os y los estudiantes universitarios. Fue una oportunidad para compartir percepciones y experiencias con las aves de la regi\u00f3n, trabajar en equipo y aprender acerca de las aves. El primer taller en esta serie fue de pintura y dibujo, facilitado por Eli L\u00f3pez, una artista y especialista en ilustraci\u00f3n de literatura infantil. El taller fue bello y los ni\u00f1os se expresaron en una explosi\u00f3n de color mientras dibujaron y aprendieron de los colores, formas y detalles de las aves locales. <\/p>\n\n\n\n<figure class=\"wp-block-image size-large\"><img decoding=\"async\" width=\"1280\" height=\"607\" data-src=\"https:\/\/www.birds.cornell.edu\/latam\/wp-content\/uploads\/2023\/03\/20220114_122437-1280x607.jpg\" alt=\"\" class=\"wp-image-9837 lazyload\" data-srcset=\"https:\/\/www.birds.cornell.edu\/latam\/wp-content\/uploads\/2023\/03\/20220114_122437-1280x607.jpg 1280w, https:\/\/www.birds.cornell.edu\/latam\/wp-content\/uploads\/2023\/03\/20220114_122437-720x341.jpg 720w, https:\/\/www.birds.cornell.edu\/latam\/wp-content\/uploads\/2023\/03\/20220114_122437-768x364.jpg 768w, https:\/\/www.birds.cornell.edu\/latam\/wp-content\/uploads\/2023\/03\/20220114_122437-1536x728.jpg 1536w, https:\/\/www.birds.cornell.edu\/latam\/wp-content\/uploads\/2023\/03\/20220114_122437-2048x971.jpg 2048w, https:\/\/www.birds.cornell.edu\/latam\/wp-content\/uploads\/2023\/03\/20220114_122437-480x228.jpg 480w\" data-sizes=\"(max-width: 1280px) 100vw, 1280px\" src=\"data:image\/svg+xml;base64,PHN2ZyB3aWR0aD0iMSIgaGVpZ2h0PSIxIiB4bWxucz0iaHR0cDovL3d3dy53My5vcmcvMjAwMC9zdmciPjwvc3ZnPg==\" style=\"--smush-placeholder-width: 1280px; --smush-placeholder-aspect-ratio: 1280\/607;\" \/><figcaption class=\"wp-element-caption\">Fotos Cortes\u00eda de Iniciativa Turismo Alternativo<\/figcaption><\/figure>\n\n\n\n<p>Otro taller en la serie fue de fotograf\u00eda de aves. Los j\u00f3venes de la UCN dieron charlas y demostraciones acerca de c\u00f3mo fotografiar aves, compartiendo t\u00e9cnicas e informaci\u00f3n pr\u00e1ctica para que los participantes pudieran aplicarlas. El tercer taller en esta serie fue verdaderamente incre\u00edble. Una sesi\u00f3n art\u00edstica de poes\u00eda y cuento impartida por la psic\u00f3loga <strong>Martha Garc\u00eda,<\/strong> quien ayud\u00f3 a cada ni\u00f1o a expresar su amor por las aves de una forma bella y \u00fanica por medio de poes\u00eda. El \u00faltimo taller en la serie fue una oportunidad para que los ni\u00f1os aprendieran acerca de los sonidos de las aves, c\u00f3mo trinan cuando cantan en la naturaleza y c\u00f3mo se expresan cuando est\u00e1n en peligro con sus llamadas. Los ni\u00f1os se dieron cuenta muy r\u00e1pido de que, \u00a1las aves son muy parecidas a los humanos!<\/p>\n\n\n\n<div class=\"wp-block-columns is-layout-flex wp-container-core-columns-is-layout-9d6595d7 wp-block-columns-is-layout-flex\">\n<div class=\"wp-block-column is-layout-flow wp-block-column-is-layout-flow\" style=\"flex-basis:25%\"><\/div>\n\n\n\n<div class=\"wp-block-column is-layout-flow wp-block-column-is-layout-flow\" style=\"flex-basis:50%\">\n<figure class=\"wp-block-video\"><video height=\"352\" style=\"aspect-ratio: 640 \/ 352;\" width=\"640\" controls src=\"https:\/\/www.birds.cornell.edu\/latam\/wp-content\/uploads\/2023\/03\/VID-20210829-WA0059.mp4\"><\/video><figcaption class=\"wp-element-caption\">Video Cortes\u00eda de Iniciativa Turismo Alternativo<\/figcaption><\/figure>\n<\/div>\n\n\n\n<div class=\"wp-block-column is-layout-flow wp-block-column-is-layout-flow\" style=\"flex-basis:25%\"><\/div>\n<\/div>\n\n\n\n<p>Se agradece a <strong>Iniciativa Turismo Alternativo<\/strong> y su l\u00edder, <strong>Jeaneth Garc\u00eda Medrano<\/strong>, por su esfuerzo en organizar todos los talleres y poner su energ\u00eda, coraz\u00f3n e inspiraci\u00f3n en este bello proyecto. Adem\u00e1s, se agradece la cooperaci\u00f3n de los propietarios de las fincas, parques y \u00e1reas de conservaci\u00f3n. Se agradece tambi\u00e9n al<strong> Club Juvenil de Observaci\u00f3n de Aves \u201cSaltapi\u00f1uelas\u201d<\/strong>, a la <strong>Escuela Edmundo Rom\u00e1n <\/strong>y a las comunidades que ayudaron a que el proyecto fuera todo un \u00e9xito. Se agradece a los artistas locales y profesionales que ayudaron a que los participantes descubrieran su amor por las aves por medio de las artes y mejorar sus h\u00e1bitats. Finalmente se agradece <strong>UCN Campus Jinotepe<\/strong> por su apoyo continuo e incondicional en las actividades educativas para la regi\u00f3n.\u00a0<\/p>\n\n\n\n<p><em>Escrito por Diego Valle<\/em><\/p>\n","protected":false},"excerpt":{"rendered":"<p>Nicaragua <\/p>\n","protected":false},"author":7,"featured_media":9835,"comment_status":"open","ping_status":"closed","sticky":false,"template":"","format":"standard","meta":{"_birdpress_hero_toggle":true,"_birdpress_hero_type":"image","_birdpress_hero_image_type":"image","_birdpress_hero_style":"default","_birdpress_hero_ratio":"","_birdpress_hero_h1":"","_birdpress_hero_media_id":9833,"_birdpress_hero_media_array_id":[],"_birdpress_hero_media_array":[],"_birdpress_hero_media":0,"_birdpress_hero_video_id":0,"_birdpress_hero_video":0,"_birdpress_hero_youtube":"","_birdpress_hero_content":true,"_birdpress_hero_byline":"","_birdpress_hero_byline_bottom":"","_birdpress_hero_button_link":"","_birdpress_hero_button_text":"","_birdpress_hero_button_color":"","_birdpress_hero_date":false,"original_guid":"","_birdpress_hide_search":false,"_birdpress_page_width":"","_birdpress_global_cta":false,"_birdpress_widget_sidebar":"","_birdpress_next_article":0,"_birdpress_next_article_title":"","_birdpress_prev_article":0,"_birdpress_prev_article_title":"","_birdpress_sub_navigation_id":0,"_birdpress_sub_navigation":"","_birdpress_sub_navigation_title":false,"_birdpress_anchor_navigation_id":0,"_birdpress_anchor_navigation":"","_birdpress_postType":"both","_birdpress_categoryID":0,"_birdpress_tagID":0,"_birdpress_parentPostID":0,"_birdpress_parentPostTitle":"","_birdpress_menuID":0,"_birdpress_menuName":"","_birdpress_listHeader":"","_birdpress_listLayout":"card-display","_birdpress_listColumns":"","_birdpress_maxItems":12,"_birdpress_listPaginate":true,"_birdpress_displaySort":true,"_birdpress_sortOrder":"DESC","_birdpress_sortBy":"date","_birdpress_listID":"","_birdpress_listClass":"","_birdpress_displayImages":true,"_birdpress_displayCaptions":false,"_birdpress_displayExcerpts":false,"_birdpress_attTop":"","_birdpress_attBottom":"","_birdpress_showLogos":false,"_birdpress_post_logo":0,"mc4wp_mailchimp_campaign":[],"footnotes":""},"categories":[443],"tags":[],"content-format":[],"class_list":["post-9826","post","type-post","status-publish","format-standard","has-post-thumbnail","hentry","category-comunidad"],"lang":"es","translations":{"es":9826,"en":9868},"pll_sync_post":[],"_links":{"self":[{"href":"https:\/\/www.birds.cornell.edu\/latam\/wp-json\/wp\/v2\/posts\/9826","targetHints":{"allow":["GET"]}}],"collection":[{"href":"https:\/\/www.birds.cornell.edu\/latam\/wp-json\/wp\/v2\/posts"}],"about":[{"href":"https:\/\/www.birds.cornell.edu\/latam\/wp-json\/wp\/v2\/types\/post"}],"author":[{"embeddable":true,"href":"https:\/\/www.birds.cornell.edu\/latam\/wp-json\/wp\/v2\/users\/7"}],"replies":[{"embeddable":true,"href":"https:\/\/www.birds.cornell.edu\/latam\/wp-json\/wp\/v2\/comments?post=9826"}],"version-history":[{"count":0,"href":"https:\/\/www.birds.cornell.edu\/latam\/wp-json\/wp\/v2\/posts\/9826\/revisions"}],"wp:featuredmedia":[{"embeddable":true,"href":"https:\/\/www.birds.cornell.edu\/latam\/wp-json\/wp\/v2\/media\/9835"}],"wp:attachment":[{"href":"https:\/\/www.birds.cornell.edu\/latam\/wp-json\/wp\/v2\/media?parent=9826"}],"wp:term":[{"taxonomy":"category","embeddable":true,"href":"https:\/\/www.birds.cornell.edu\/latam\/wp-json\/wp\/v2\/categories?post=9826"},{"taxonomy":"post_tag","embeddable":true,"href":"https:\/\/www.birds.cornell.edu\/latam\/wp-json\/wp\/v2\/tags?post=9826"},{"taxonomy":"content-format","embeddable":true,"href":"https:\/\/www.birds.cornell.edu\/latam\/wp-json\/wp\/v2\/content-format?post=9826"}],"curies":[{"name":"wp","href":"https:\/\/api.w.org\/{rel}","templated":true}]}}